{"id":1619,"date":"2025-09-30T15:34:51","date_gmt":"2025-09-30T13:34:51","guid":{"rendered":"https:\/\/ss-viktorovac.hr\/?p=1619"},"modified":"2025-10-01T08:13:32","modified_gmt":"2025-10-01T06:13:32","slug":"svjetski-dan-starijih-osoba","status":"publish","type":"post","link":"https:\/\/ss-viktorovac.hr\/index.php\/2025\/09\/30\/svjetski-dan-starijih-osoba\/","title":{"rendered":"Me\u0111unarodni dan starijih osoba"},"content":{"rendered":"<p>Danas smo obilje\u017eili Me\u0111unarodnii dan starijih osoba u Domu umirovljenika Sisak s u\u010denicima 5.f razreda, smjera medicinska sestra\/tehni\u010dar op\u0107e njege, mjerenjem tlaka i igranjem dru\u0161tvenih igara s korisnicima doma.<br \/>\nOvoj akciji priklju\u010dile su se u\u010denice 3.C razreda, smjera frizer, koje su korisnicima doma uljep\u0161ale dan \u0161i\u0161anjem, frizurama i brijanjem. U\u010denici su bili u pratnji mentora \u017deljke Markote i Renate Ruklja\u010d.<\/p>\n<p><img loading=\"lazy\" decoding=\"async\" class=\"size-full wp-image-1617 aligncenter\" src=\"https:\/\/ss-viktorovac.hr\/wp-content\/uploads\/2025\/09\/5.jpg\" alt=\"\" width=\"1920\" height=\"2560\" srcset=\"https:\/\/ss-viktorovac.hr\/wp-content\/uploads\/2025\/09\/5.jpg 1920w, https:\/\/ss-viktorovac.hr\/wp-content\/uploads\/2025\/09\/5-225x300.jpg 225w, https:\/\/ss-viktorovac.hr\/wp-content\/uploads\/2025\/09\/5-768x1024.jpg 768w, https:\/\/ss-viktorovac.hr\/wp-content\/uploads\/2025\/09\/5-1152x1536.jpg 1152w, https:\/\/ss-viktorovac.hr\/wp-content\/uploads\/2025\/09\/5-1536x2048.jpg 1536w, https:\/\/ss-viktorovac.hr\/wp-content\/uploads\/2025\/09\/5-315x420.jpg 315w, https:\/\/ss-viktorovac.hr\/wp-content\/uploads\/2025\/09\/5-630x840.jpg 630w, https:\/\/ss-viktorovac.hr\/wp-content\/uploads\/2025\/09\/5-150x200.jpg 150w, https:\/\/ss-viktorovac.hr\/wp-content\/uploads\/2025\/09\/5-300x400.jpg 300w, https:\/\/ss-viktorovac.hr\/wp-content\/uploads\/2025\/09\/5-600x800.jpg 600w, https:\/\/ss-viktorovac.hr\/wp-content\/uploads\/2025\/09\/5-696x928.jpg 696w, https:\/\/ss-viktorovac.hr\/wp-content\/uploads\/2025\/09\/5-1392x1856.jpg 1392w, https:\/\/ss-viktorovac.hr\/wp-content\/uploads\/2025\/09\/5-1068x1424.jpg 1068w\" sizes=\"auto, (max-width: 1920px) 100vw, 1920px\" \/> <img loading=\"lazy\" decoding=\"async\" class=\"size-full wp-image-1616 aligncenter\" src=\"https:\/\/ss-viktorovac.hr\/wp-content\/uploads\/2025\/09\/4.jpg\" alt=\"\" width=\"1920\" height=\"2560\" srcset=\"https:\/\/ss-viktorovac.hr\/wp-content\/uploads\/2025\/09\/4.jpg 1920w, https:\/\/ss-viktorovac.hr\/wp-content\/uploads\/2025\/09\/4-225x300.jpg 225w, https:\/\/ss-viktorovac.hr\/wp-content\/uploads\/2025\/09\/4-768x1024.jpg 768w, https:\/\/ss-viktorovac.hr\/wp-content\/uploads\/2025\/09\/4-1152x1536.jpg 1152w, https:\/\/ss-viktorovac.hr\/wp-content\/uploads\/2025\/09\/4-1536x2048.jpg 1536w, https:\/\/ss-viktorovac.hr\/wp-content\/uploads\/2025\/09\/4-315x420.jpg 315w, https:\/\/ss-viktorovac.hr\/wp-content\/uploads\/2025\/09\/4-630x840.jpg 630w, https:\/\/ss-viktorovac.hr\/wp-content\/uploads\/2025\/09\/4-150x200.jpg 150w, https:\/\/ss-viktorovac.hr\/wp-content\/uploads\/2025\/09\/4-300x400.jpg 300w, https:\/\/ss-viktorovac.hr\/wp-content\/uploads\/2025\/09\/4-600x800.jpg 600w, https:\/\/ss-viktorovac.hr\/wp-content\/uploads\/2025\/09\/4-696x928.jpg 696w, https:\/\/ss-viktorovac.hr\/wp-content\/uploads\/2025\/09\/4-1392x1856.jpg 1392w, https:\/\/ss-viktorovac.hr\/wp-content\/uploads\/2025\/09\/4-1068x1424.jpg 1068w\" sizes=\"auto, (max-width: 1920px) 100vw, 1920px\" \/> <img loading=\"lazy\" decoding=\"async\" class=\"size-full wp-image-1615 aligncenter\" src=\"https:\/\/ss-viktorovac.hr\/wp-content\/uploads\/2025\/09\/3.jpg\" alt=\"\" width=\"1920\" height=\"1440\" srcset=\"https:\/\/ss-viktorovac.hr\/wp-content\/uploads\/2025\/09\/3.jpg 1920w, https:\/\/ss-viktorovac.hr\/wp-content\/uploads\/2025\/09\/3-300x225.jpg 300w, https:\/\/ss-viktorovac.hr\/wp-content\/uploads\/2025\/09\/3-1024x768.jpg 1024w, https:\/\/ss-viktorovac.hr\/wp-content\/uploads\/2025\/09\/3-768x576.jpg 768w, https:\/\/ss-viktorovac.hr\/wp-content\/uploads\/2025\/09\/3-1536x1152.jpg 1536w, https:\/\/ss-viktorovac.hr\/wp-content\/uploads\/2025\/09\/3-560x420.jpg 560w, https:\/\/ss-viktorovac.hr\/wp-content\/uploads\/2025\/09\/3-1120x840.jpg 1120w, https:\/\/ss-viktorovac.hr\/wp-content\/uploads\/2025\/09\/3-80x60.jpg 80w, https:\/\/ss-viktorovac.hr\/wp-content\/uploads\/2025\/09\/3-160x120.jpg 160w, https:\/\/ss-viktorovac.hr\/wp-content\/uploads\/2025\/09\/3-150x113.jpg 150w, https:\/\/ss-viktorovac.hr\/wp-content\/uploads\/2025\/09\/3-600x450.jpg 600w, https:\/\/ss-viktorovac.hr\/wp-content\/uploads\/2025\/09\/3-696x522.jpg 696w, https:\/\/ss-viktorovac.hr\/wp-content\/uploads\/2025\/09\/3-1392x1044.jpg 1392w, https:\/\/ss-viktorovac.hr\/wp-content\/uploads\/2025\/09\/3-1068x801.jpg 1068w, https:\/\/ss-viktorovac.hr\/wp-content\/uploads\/2025\/09\/3-265x198.jpg 265w\" sizes=\"auto, (max-width: 1920px) 100vw, 1920px\" \/> <img loading=\"lazy\" decoding=\"async\" class=\"size-full wp-image-1614 aligncenter\" src=\"https:\/\/ss-viktorovac.hr\/wp-content\/uploads\/2025\/09\/2.jpg\" alt=\"\" width=\"1920\" height=\"2560\" srcset=\"https:\/\/ss-viktorovac.hr\/wp-content\/uploads\/2025\/09\/2.jpg 1920w, https:\/\/ss-viktorovac.hr\/wp-content\/uploads\/2025\/09\/2-225x300.jpg 225w, https:\/\/ss-viktorovac.hr\/wp-content\/uploads\/2025\/09\/2-768x1024.jpg 768w, https:\/\/ss-viktorovac.hr\/wp-content\/uploads\/2025\/09\/2-1152x1536.jpg 1152w, https:\/\/ss-viktorovac.hr\/wp-content\/uploads\/2025\/09\/2-1536x2048.jpg 1536w, https:\/\/ss-viktorovac.hr\/wp-content\/uploads\/2025\/09\/2-315x420.jpg 315w, https:\/\/ss-viktorovac.hr\/wp-content\/uploads\/2025\/09\/2-630x840.jpg 630w, https:\/\/ss-viktorovac.hr\/wp-content\/uploads\/2025\/09\/2-150x200.jpg 150w, https:\/\/ss-viktorovac.hr\/wp-content\/uploads\/2025\/09\/2-300x400.jpg 300w, https:\/\/ss-viktorovac.hr\/wp-content\/uploads\/2025\/09\/2-600x800.jpg 600w, https:\/\/ss-viktorovac.hr\/wp-content\/uploads\/2025\/09\/2-696x928.jpg 696w, https:\/\/ss-viktorovac.hr\/wp-content\/uploads\/2025\/09\/2-1392x1856.jpg 1392w, https:\/\/ss-viktorovac.hr\/wp-content\/uploads\/2025\/09\/2-1068x1424.jpg 1068w\" sizes=\"auto, (max-width: 1920px) 100vw, 1920px\" \/> <img loading=\"lazy\" decoding=\"async\" class=\"size-full wp-image-1613 aligncenter\" src=\"https:\/\/ss-viktorovac.hr\/wp-content\/uploads\/2025\/09\/1.jpg\" alt=\"\" width=\"1920\" height=\"1440\" srcset=\"https:\/\/ss-viktorovac.hr\/wp-content\/uploads\/2025\/09\/1.jpg 1920w, https:\/\/ss-viktorovac.hr\/wp-content\/uploads\/2025\/09\/1-300x225.jpg 300w, https:\/\/ss-viktorovac.hr\/wp-content\/uploads\/2025\/09\/1-1024x768.jpg 1024w, https:\/\/ss-viktorovac.hr\/wp-content\/uploads\/2025\/09\/1-768x576.jpg 768w, https:\/\/ss-viktorovac.hr\/wp-content\/uploads\/2025\/09\/1-1536x1152.jpg 1536w, https:\/\/ss-viktorovac.hr\/wp-content\/uploads\/2025\/09\/1-560x420.jpg 560w, https:\/\/ss-viktorovac.hr\/wp-content\/uploads\/2025\/09\/1-1120x840.jpg 1120w, https:\/\/ss-viktorovac.hr\/wp-content\/uploads\/2025\/09\/1-80x60.jpg 80w, https:\/\/ss-viktorovac.hr\/wp-content\/uploads\/2025\/09\/1-160x120.jpg 160w, https:\/\/ss-viktorovac.hr\/wp-content\/uploads\/2025\/09\/1-150x113.jpg 150w, https:\/\/ss-viktorovac.hr\/wp-content\/uploads\/2025\/09\/1-600x450.jpg 600w, https:\/\/ss-viktorovac.hr\/wp-content\/uploads\/2025\/09\/1-696x522.jpg 696w, https:\/\/ss-viktorovac.hr\/wp-content\/uploads\/2025\/09\/1-1392x1044.jpg 1392w, https:\/\/ss-viktorovac.hr\/wp-content\/uploads\/2025\/09\/1-1068x801.jpg 1068w, https:\/\/ss-viktorovac.hr\/wp-content\/uploads\/2025\/09\/1-265x198.jpg 265w\" sizes=\"auto, (max-width: 1920px) 100vw, 1920px\" \/><\/p>\n","protected":false},"excerpt":{"rendered":"<p>Danas smo obilje\u017eili Me\u0111unarodnii dan starijih osoba u Domu umirovljenika Sisak s u\u010denicima 5.f razreda, smjera medicinska sestra\/tehni\u010dar op\u0107e njege, mjerenjem tlaka i igranjem dru\u0161tvenih igara s korisnicima doma. Ovoj akciji priklju\u010dile su se u\u010denice 3.C razreda, smjera frizer, koje su korisnicima doma uljep\u0161ale dan \u0161i\u0161anjem, frizurama i brijanjem. U\u010denici su bili u pratnji mentora [&hellip;]<\/p>\n","protected":false},"author":3,"featured_media":1618,"comment_status":"open","ping_status":"open","sticky":false,"template":"","format":"standard","meta":{"footnotes":""},"categories":[71],"tags":[],"class_list":{"0":"post-1619","1":"post","2":"type-post","3":"status-publish","4":"format-standard","5":"has-post-thumbnail","7":"category-vijesti-ucenika-zdravstva"},"yoast_head":"<!-- This site is optimized with the Yoast SEO plugin v27.5 - https:\/\/yoast.com\/product\/yoast-seo-wordpress\/ -->\n<title>Me\u0111unarodni dan starijih osoba - Srednja \u0161kola Viktorovac<\/title>\n<meta name=\"robots\" content=\"index, follow, max-snippet:-1, max-image-preview:large, max-video-preview:-1\" \/>\n<link rel=\"canonical\" href=\"https:\/\/ss-viktorovac.hr\/index.php\/2025\/09\/30\/svjetski-dan-starijih-osoba\/\" \/>\n<meta property=\"og:locale\" content=\"hr_HR\" \/>\n<meta property=\"og:type\" content=\"article\" \/>\n<meta property=\"og:title\" content=\"Me\u0111unarodni dan starijih osoba - Srednja \u0161kola Viktorovac\" \/>\n<meta property=\"og:description\" content=\"Danas smo obilje\u017eili Me\u0111unarodnii dan starijih osoba u Domu umirovljenika Sisak s u\u010denicima 5.f razreda, smjera medicinska sestra\/tehni\u010dar op\u0107e njege, mjerenjem tlaka i igranjem dru\u0161tvenih igara s korisnicima doma. Ovoj akciji priklju\u010dile su se u\u010denice 3.C razreda, smjera frizer, koje su korisnicima doma uljep\u0161ale dan \u0161i\u0161anjem, frizurama i brijanjem. U\u010denici su bili u pratnji mentora [&hellip;]\" \/>\n<meta property=\"og:url\" content=\"https:\/\/ss-viktorovac.hr\/index.php\/2025\/09\/30\/svjetski-dan-starijih-osoba\/\" \/>\n<meta property=\"og:site_name\" content=\"Srednja \u0161kola Viktorovac\" \/>\n<meta property=\"article:published_time\" content=\"2025-09-30T13:34:51+00:00\" \/>\n<meta property=\"article:modified_time\" content=\"2025-10-01T06:13:32+00:00\" \/>\n<meta property=\"og:image\" content=\"https:\/\/ss-viktorovac.hr\/wp-content\/uploads\/2025\/09\/6.jpg\" \/>\n\t<meta property=\"og:image:width\" content=\"1920\" \/>\n\t<meta property=\"og:image:height\" content=\"1440\" \/>\n\t<meta property=\"og:image:type\" content=\"image\/jpeg\" \/>\n<meta name=\"author\" content=\"Mia Bjeki\u0107\" \/>\n<meta name=\"twitter:card\" content=\"summary_large_image\" \/>\n<meta name=\"twitter:label1\" content=\"Napisao\/la\" \/>\n\t<meta name=\"twitter:data1\" content=\"Mia Bjeki\u0107\" \/>\n\t<meta name=\"twitter:label2\" content=\"Procijenjeno vrijeme \u010ditanja\" \/>\n\t<meta name=\"twitter:data2\" content=\"2 minute\" \/>\n<script type=\"application\/ld+json\" class=\"yoast-schema-graph\">{\"@context\":\"https:\\\/\\\/schema.org\",\"@graph\":[{\"@type\":\"Article\",\"@id\":\"https:\\\/\\\/ss-viktorovac.hr\\\/index.php\\\/2025\\\/09\\\/30\\\/svjetski-dan-starijih-osoba\\\/#article\",\"isPartOf\":{\"@id\":\"https:\\\/\\\/ss-viktorovac.hr\\\/index.php\\\/2025\\\/09\\\/30\\\/svjetski-dan-starijih-osoba\\\/\"},\"author\":{\"name\":\"Mia Bjeki\u0107\",\"@id\":\"https:\\\/\\\/ss-viktorovac.hr\\\/#\\\/schema\\\/person\\\/3ccc2672a53cc614a089a62edb499feb\"},\"headline\":\"Me\u0111unarodni dan starijih osoba\",\"datePublished\":\"2025-09-30T13:34:51+00:00\",\"dateModified\":\"2025-10-01T06:13:32+00:00\",\"mainEntityOfPage\":{\"@id\":\"https:\\\/\\\/ss-viktorovac.hr\\\/index.php\\\/2025\\\/09\\\/30\\\/svjetski-dan-starijih-osoba\\\/\"},\"wordCount\":77,\"commentCount\":0,\"image\":{\"@id\":\"https:\\\/\\\/ss-viktorovac.hr\\\/index.php\\\/2025\\\/09\\\/30\\\/svjetski-dan-starijih-osoba\\\/#primaryimage\"},\"thumbnailUrl\":\"https:\\\/\\\/ss-viktorovac.hr\\\/wp-content\\\/uploads\\\/2025\\\/09\\\/6.jpg\",\"articleSection\":[\"VIJESTI U\u010cENIKA ZDRAVSTVA\"],\"inLanguage\":\"hr\",\"potentialAction\":[{\"@type\":\"CommentAction\",\"name\":\"Comment\",\"target\":[\"https:\\\/\\\/ss-viktorovac.hr\\\/index.php\\\/2025\\\/09\\\/30\\\/svjetski-dan-starijih-osoba\\\/#respond\"]}]},{\"@type\":\"WebPage\",\"@id\":\"https:\\\/\\\/ss-viktorovac.hr\\\/index.php\\\/2025\\\/09\\\/30\\\/svjetski-dan-starijih-osoba\\\/\",\"url\":\"https:\\\/\\\/ss-viktorovac.hr\\\/index.php\\\/2025\\\/09\\\/30\\\/svjetski-dan-starijih-osoba\\\/\",\"name\":\"Me\u0111unarodni dan starijih osoba - Srednja \u0161kola Viktorovac\",\"isPartOf\":{\"@id\":\"https:\\\/\\\/ss-viktorovac.hr\\\/#website\"},\"primaryImageOfPage\":{\"@id\":\"https:\\\/\\\/ss-viktorovac.hr\\\/index.php\\\/2025\\\/09\\\/30\\\/svjetski-dan-starijih-osoba\\\/#primaryimage\"},\"image\":{\"@id\":\"https:\\\/\\\/ss-viktorovac.hr\\\/index.php\\\/2025\\\/09\\\/30\\\/svjetski-dan-starijih-osoba\\\/#primaryimage\"},\"thumbnailUrl\":\"https:\\\/\\\/ss-viktorovac.hr\\\/wp-content\\\/uploads\\\/2025\\\/09\\\/6.jpg\",\"datePublished\":\"2025-09-30T13:34:51+00:00\",\"dateModified\":\"2025-10-01T06:13:32+00:00\",\"author\":{\"@id\":\"https:\\\/\\\/ss-viktorovac.hr\\\/#\\\/schema\\\/person\\\/3ccc2672a53cc614a089a62edb499feb\"},\"breadcrumb\":{\"@id\":\"https:\\\/\\\/ss-viktorovac.hr\\\/index.php\\\/2025\\\/09\\\/30\\\/svjetski-dan-starijih-osoba\\\/#breadcrumb\"},\"inLanguage\":\"hr\",\"potentialAction\":[{\"@type\":\"ReadAction\",\"target\":[\"https:\\\/\\\/ss-viktorovac.hr\\\/index.php\\\/2025\\\/09\\\/30\\\/svjetski-dan-starijih-osoba\\\/\"]}]},{\"@type\":\"ImageObject\",\"inLanguage\":\"hr\",\"@id\":\"https:\\\/\\\/ss-viktorovac.hr\\\/index.php\\\/2025\\\/09\\\/30\\\/svjetski-dan-starijih-osoba\\\/#primaryimage\",\"url\":\"https:\\\/\\\/ss-viktorovac.hr\\\/wp-content\\\/uploads\\\/2025\\\/09\\\/6.jpg\",\"contentUrl\":\"https:\\\/\\\/ss-viktorovac.hr\\\/wp-content\\\/uploads\\\/2025\\\/09\\\/6.jpg\",\"width\":1920,\"height\":1440},{\"@type\":\"BreadcrumbList\",\"@id\":\"https:\\\/\\\/ss-viktorovac.hr\\\/index.php\\\/2025\\\/09\\\/30\\\/svjetski-dan-starijih-osoba\\\/#breadcrumb\",\"itemListElement\":[{\"@type\":\"ListItem\",\"position\":1,\"name\":\"Po\u010detna stranica\",\"item\":\"https:\\\/\\\/ss-viktorovac.hr\\\/\"},{\"@type\":\"ListItem\",\"position\":2,\"name\":\"Me\u0111unarodni dan starijih osoba\"}]},{\"@type\":\"WebSite\",\"@id\":\"https:\\\/\\\/ss-viktorovac.hr\\\/#website\",\"url\":\"https:\\\/\\\/ss-viktorovac.hr\\\/\",\"name\":\"Srednja \u0161kola Viktorovac\",\"description\":\"\",\"potentialAction\":[{\"@type\":\"SearchAction\",\"target\":{\"@type\":\"EntryPoint\",\"urlTemplate\":\"https:\\\/\\\/ss-viktorovac.hr\\\/?s={search_term_string}\"},\"query-input\":{\"@type\":\"PropertyValueSpecification\",\"valueRequired\":true,\"valueName\":\"search_term_string\"}}],\"inLanguage\":\"hr\"},{\"@type\":\"Person\",\"@id\":\"https:\\\/\\\/ss-viktorovac.hr\\\/#\\\/schema\\\/person\\\/3ccc2672a53cc614a089a62edb499feb\",\"name\":\"Mia Bjeki\u0107\",\"image\":{\"@type\":\"ImageObject\",\"inLanguage\":\"hr\",\"@id\":\"https:\\\/\\\/secure.gravatar.com\\\/avatar\\\/e01c19edf75bd1509986165e2e8930b37161ac24090dacb84cb7955cba09c9b1?s=96&d=mm&r=g\",\"url\":\"https:\\\/\\\/secure.gravatar.com\\\/avatar\\\/e01c19edf75bd1509986165e2e8930b37161ac24090dacb84cb7955cba09c9b1?s=96&d=mm&r=g\",\"contentUrl\":\"https:\\\/\\\/secure.gravatar.com\\\/avatar\\\/e01c19edf75bd1509986165e2e8930b37161ac24090dacb84cb7955cba09c9b1?s=96&d=mm&r=g\",\"caption\":\"Mia Bjeki\u0107\"},\"url\":\"https:\\\/\\\/ss-viktorovac.hr\\\/index.php\\\/author\\\/mia\\\/\"}]}<\/script>\n<!-- \/ Yoast SEO plugin. -->","yoast_head_json":{"title":"Me\u0111unarodni dan starijih osoba - Srednja \u0161kola Viktorovac","robots":{"index":"index","follow":"follow","max-snippet":"max-snippet:-1","max-image-preview":"max-image-preview:large","max-video-preview":"max-video-preview:-1"},"canonical":"https:\/\/ss-viktorovac.hr\/index.php\/2025\/09\/30\/svjetski-dan-starijih-osoba\/","og_locale":"hr_HR","og_type":"article","og_title":"Me\u0111unarodni dan starijih osoba - Srednja \u0161kola Viktorovac","og_description":"Danas smo obilje\u017eili Me\u0111unarodnii dan starijih osoba u Domu umirovljenika Sisak s u\u010denicima 5.f razreda, smjera medicinska sestra\/tehni\u010dar op\u0107e njege, mjerenjem tlaka i igranjem dru\u0161tvenih igara s korisnicima doma. Ovoj akciji priklju\u010dile su se u\u010denice 3.C razreda, smjera frizer, koje su korisnicima doma uljep\u0161ale dan \u0161i\u0161anjem, frizurama i brijanjem. U\u010denici su bili u pratnji mentora [&hellip;]","og_url":"https:\/\/ss-viktorovac.hr\/index.php\/2025\/09\/30\/svjetski-dan-starijih-osoba\/","og_site_name":"Srednja \u0161kola Viktorovac","article_published_time":"2025-09-30T13:34:51+00:00","article_modified_time":"2025-10-01T06:13:32+00:00","og_image":[{"width":1920,"height":1440,"url":"https:\/\/ss-viktorovac.hr\/wp-content\/uploads\/2025\/09\/6.jpg","type":"image\/jpeg"}],"author":"Mia Bjeki\u0107","twitter_card":"summary_large_image","twitter_misc":{"Napisao\/la":"Mia Bjeki\u0107","Procijenjeno vrijeme \u010ditanja":"2 minute"},"schema":{"@context":"https:\/\/schema.org","@graph":[{"@type":"Article","@id":"https:\/\/ss-viktorovac.hr\/index.php\/2025\/09\/30\/svjetski-dan-starijih-osoba\/#article","isPartOf":{"@id":"https:\/\/ss-viktorovac.hr\/index.php\/2025\/09\/30\/svjetski-dan-starijih-osoba\/"},"author":{"name":"Mia Bjeki\u0107","@id":"https:\/\/ss-viktorovac.hr\/#\/schema\/person\/3ccc2672a53cc614a089a62edb499feb"},"headline":"Me\u0111unarodni dan starijih osoba","datePublished":"2025-09-30T13:34:51+00:00","dateModified":"2025-10-01T06:13:32+00:00","mainEntityOfPage":{"@id":"https:\/\/ss-viktorovac.hr\/index.php\/2025\/09\/30\/svjetski-dan-starijih-osoba\/"},"wordCount":77,"commentCount":0,"image":{"@id":"https:\/\/ss-viktorovac.hr\/index.php\/2025\/09\/30\/svjetski-dan-starijih-osoba\/#primaryimage"},"thumbnailUrl":"https:\/\/ss-viktorovac.hr\/wp-content\/uploads\/2025\/09\/6.jpg","articleSection":["VIJESTI U\u010cENIKA ZDRAVSTVA"],"inLanguage":"hr","potentialAction":[{"@type":"CommentAction","name":"Comment","target":["https:\/\/ss-viktorovac.hr\/index.php\/2025\/09\/30\/svjetski-dan-starijih-osoba\/#respond"]}]},{"@type":"WebPage","@id":"https:\/\/ss-viktorovac.hr\/index.php\/2025\/09\/30\/svjetski-dan-starijih-osoba\/","url":"https:\/\/ss-viktorovac.hr\/index.php\/2025\/09\/30\/svjetski-dan-starijih-osoba\/","name":"Me\u0111unarodni dan starijih osoba - Srednja \u0161kola Viktorovac","isPartOf":{"@id":"https:\/\/ss-viktorovac.hr\/#website"},"primaryImageOfPage":{"@id":"https:\/\/ss-viktorovac.hr\/index.php\/2025\/09\/30\/svjetski-dan-starijih-osoba\/#primaryimage"},"image":{"@id":"https:\/\/ss-viktorovac.hr\/index.php\/2025\/09\/30\/svjetski-dan-starijih-osoba\/#primaryimage"},"thumbnailUrl":"https:\/\/ss-viktorovac.hr\/wp-content\/uploads\/2025\/09\/6.jpg","datePublished":"2025-09-30T13:34:51+00:00","dateModified":"2025-10-01T06:13:32+00:00","author":{"@id":"https:\/\/ss-viktorovac.hr\/#\/schema\/person\/3ccc2672a53cc614a089a62edb499feb"},"breadcrumb":{"@id":"https:\/\/ss-viktorovac.hr\/index.php\/2025\/09\/30\/svjetski-dan-starijih-osoba\/#breadcrumb"},"inLanguage":"hr","potentialAction":[{"@type":"ReadAction","target":["https:\/\/ss-viktorovac.hr\/index.php\/2025\/09\/30\/svjetski-dan-starijih-osoba\/"]}]},{"@type":"ImageObject","inLanguage":"hr","@id":"https:\/\/ss-viktorovac.hr\/index.php\/2025\/09\/30\/svjetski-dan-starijih-osoba\/#primaryimage","url":"https:\/\/ss-viktorovac.hr\/wp-content\/uploads\/2025\/09\/6.jpg","contentUrl":"https:\/\/ss-viktorovac.hr\/wp-content\/uploads\/2025\/09\/6.jpg","width":1920,"height":1440},{"@type":"BreadcrumbList","@id":"https:\/\/ss-viktorovac.hr\/index.php\/2025\/09\/30\/svjetski-dan-starijih-osoba\/#breadcrumb","itemListElement":[{"@type":"ListItem","position":1,"name":"Po\u010detna stranica","item":"https:\/\/ss-viktorovac.hr\/"},{"@type":"ListItem","position":2,"name":"Me\u0111unarodni dan starijih osoba"}]},{"@type":"WebSite","@id":"https:\/\/ss-viktorovac.hr\/#website","url":"https:\/\/ss-viktorovac.hr\/","name":"Srednja \u0161kola Viktorovac","description":"","potentialAction":[{"@type":"SearchAction","target":{"@type":"EntryPoint","urlTemplate":"https:\/\/ss-viktorovac.hr\/?s={search_term_string}"},"query-input":{"@type":"PropertyValueSpecification","valueRequired":true,"valueName":"search_term_string"}}],"inLanguage":"hr"},{"@type":"Person","@id":"https:\/\/ss-viktorovac.hr\/#\/schema\/person\/3ccc2672a53cc614a089a62edb499feb","name":"Mia Bjeki\u0107","image":{"@type":"ImageObject","inLanguage":"hr","@id":"https:\/\/secure.gravatar.com\/avatar\/e01c19edf75bd1509986165e2e8930b37161ac24090dacb84cb7955cba09c9b1?s=96&d=mm&r=g","url":"https:\/\/secure.gravatar.com\/avatar\/e01c19edf75bd1509986165e2e8930b37161ac24090dacb84cb7955cba09c9b1?s=96&d=mm&r=g","contentUrl":"https:\/\/secure.gravatar.com\/avatar\/e01c19edf75bd1509986165e2e8930b37161ac24090dacb84cb7955cba09c9b1?s=96&d=mm&r=g","caption":"Mia Bjeki\u0107"},"url":"https:\/\/ss-viktorovac.hr\/index.php\/author\/mia\/"}]}},"_links":{"self":[{"href":"https:\/\/ss-viktorovac.hr\/index.php\/wp-json\/wp\/v2\/posts\/1619","targetHints":{"allow":["GET"]}}],"collection":[{"href":"https:\/\/ss-viktorovac.hr\/index.php\/wp-json\/wp\/v2\/posts"}],"about":[{"href":"https:\/\/ss-viktorovac.hr\/index.php\/wp-json\/wp\/v2\/types\/post"}],"author":[{"embeddable":true,"href":"https:\/\/ss-viktorovac.hr\/index.php\/wp-json\/wp\/v2\/users\/3"}],"replies":[{"embeddable":true,"href":"https:\/\/ss-viktorovac.hr\/index.php\/wp-json\/wp\/v2\/comments?post=1619"}],"version-history":[{"count":5,"href":"https:\/\/ss-viktorovac.hr\/index.php\/wp-json\/wp\/v2\/posts\/1619\/revisions"}],"predecessor-version":[{"id":1646,"href":"https:\/\/ss-viktorovac.hr\/index.php\/wp-json\/wp\/v2\/posts\/1619\/revisions\/1646"}],"wp:featuredmedia":[{"embeddable":true,"href":"https:\/\/ss-viktorovac.hr\/index.php\/wp-json\/wp\/v2\/media\/1618"}],"wp:attachment":[{"href":"https:\/\/ss-viktorovac.hr\/index.php\/wp-json\/wp\/v2\/media?parent=1619"}],"wp:term":[{"taxonomy":"category","embeddable":true,"href":"https:\/\/ss-viktorovac.hr\/index.php\/wp-json\/wp\/v2\/categories?post=1619"},{"taxonomy":"post_tag","embeddable":true,"href":"https:\/\/ss-viktorovac.hr\/index.php\/wp-json\/wp\/v2\/tags?post=1619"}],"curies":[{"name":"wp","href":"https:\/\/api.w.org\/{rel}","templated":true}]}}