{"id":1944,"date":"2025-10-28T19:14:05","date_gmt":"2025-10-28T18:14:05","guid":{"rendered":"https:\/\/ss-viktorovac.hr\/?p=1944"},"modified":"2025-10-28T19:15:20","modified_gmt":"2025-10-28T18:15:20","slug":"svjetski-dan-animiranog-filma","status":"publish","type":"post","link":"https:\/\/ss-viktorovac.hr\/index.php\/2025\/10\/28\/svjetski-dan-animiranog-filma\/","title":{"rendered":"Svjetski dan animiranog filma"},"content":{"rendered":"<p>Svjetski dan animiranog filma obilje\u017eava se od 2002. u spomen na prvu javnu projekciju animiranog filma &#8220;Pauvre Pierrot&#8221; koja je odr\u017eana ba\u0161 28.10.1892. Tako smo danas u dva termina obilje\u017eili <strong data-start=\"35\" data-end=\"68\">Svjetski dan animiranog filma<\/strong>. Tom prilikom pogledali smo poznati animirani film <strong data-start=\"120\" data-end=\"133\">\u201eSurogat\u201d<\/strong> Du\u0161ana Vukoti\u0107a, prvi neameri\u010dki film koji je osvojio <strong data-start=\"188\" data-end=\"225\">Oscara za najbolji animirani film<\/strong>. Nakon projekcije kratko smo razgovarali o filmu, njegovoj poruci i zna\u010daju u povijesti animacije. Bila je to lijepa prilika da se prisjetimo va\u017enosti animiranog filma kao umjetni\u010dkog izraza i da zajedno u\u017eivamo u njegovoj kreativnosti i duhovitosti.<\/p>\n<p><img loading=\"lazy\" decoding=\"async\" class=\"alignnone size-full wp-image-1946\" src=\"https:\/\/ss-viktorovac.hr\/wp-content\/uploads\/2025\/10\/WhatsApp-Slika-2025-10-28-u-11.32.39_0401f4d2.jpg\" alt=\"\" width=\"1536\" height=\"2048\" srcset=\"https:\/\/ss-viktorovac.hr\/wp-content\/uploads\/2025\/10\/WhatsApp-Slika-2025-10-28-u-11.32.39_0401f4d2.jpg 1536w, https:\/\/ss-viktorovac.hr\/wp-content\/uploads\/2025\/10\/WhatsApp-Slika-2025-10-28-u-11.32.39_0401f4d2-225x300.jpg 225w, https:\/\/ss-viktorovac.hr\/wp-content\/uploads\/2025\/10\/WhatsApp-Slika-2025-10-28-u-11.32.39_0401f4d2-768x1024.jpg 768w, https:\/\/ss-viktorovac.hr\/wp-content\/uploads\/2025\/10\/WhatsApp-Slika-2025-10-28-u-11.32.39_0401f4d2-1152x1536.jpg 1152w, https:\/\/ss-viktorovac.hr\/wp-content\/uploads\/2025\/10\/WhatsApp-Slika-2025-10-28-u-11.32.39_0401f4d2-315x420.jpg 315w, https:\/\/ss-viktorovac.hr\/wp-content\/uploads\/2025\/10\/WhatsApp-Slika-2025-10-28-u-11.32.39_0401f4d2-630x840.jpg 630w, https:\/\/ss-viktorovac.hr\/wp-content\/uploads\/2025\/10\/WhatsApp-Slika-2025-10-28-u-11.32.39_0401f4d2-150x200.jpg 150w, https:\/\/ss-viktorovac.hr\/wp-content\/uploads\/2025\/10\/WhatsApp-Slika-2025-10-28-u-11.32.39_0401f4d2-300x400.jpg 300w, https:\/\/ss-viktorovac.hr\/wp-content\/uploads\/2025\/10\/WhatsApp-Slika-2025-10-28-u-11.32.39_0401f4d2-600x800.jpg 600w, https:\/\/ss-viktorovac.hr\/wp-content\/uploads\/2025\/10\/WhatsApp-Slika-2025-10-28-u-11.32.39_0401f4d2-696x928.jpg 696w, https:\/\/ss-viktorovac.hr\/wp-content\/uploads\/2025\/10\/WhatsApp-Slika-2025-10-28-u-11.32.39_0401f4d2-1392x1856.jpg 1392w, https:\/\/ss-viktorovac.hr\/wp-content\/uploads\/2025\/10\/WhatsApp-Slika-2025-10-28-u-11.32.39_0401f4d2-1068x1424.jpg 1068w\" sizes=\"auto, (max-width: 1536px) 100vw, 1536px\" \/> <img loading=\"lazy\" decoding=\"async\" class=\"alignnone size-full wp-image-1947\" src=\"https:\/\/ss-viktorovac.hr\/wp-content\/uploads\/2025\/10\/WhatsApp-Slika-2025-10-28-u-11.32.39_39271c21.jpg\" alt=\"\" width=\"2048\" height=\"1536\" srcset=\"https:\/\/ss-viktorovac.hr\/wp-content\/uploads\/2025\/10\/WhatsApp-Slika-2025-10-28-u-11.32.39_39271c21.jpg 2048w, https:\/\/ss-viktorovac.hr\/wp-content\/uploads\/2025\/10\/WhatsApp-Slika-2025-10-28-u-11.32.39_39271c21-300x225.jpg 300w, https:\/\/ss-viktorovac.hr\/wp-content\/uploads\/2025\/10\/WhatsApp-Slika-2025-10-28-u-11.32.39_39271c21-1024x768.jpg 1024w, https:\/\/ss-viktorovac.hr\/wp-content\/uploads\/2025\/10\/WhatsApp-Slika-2025-10-28-u-11.32.39_39271c21-768x576.jpg 768w, https:\/\/ss-viktorovac.hr\/wp-content\/uploads\/2025\/10\/WhatsApp-Slika-2025-10-28-u-11.32.39_39271c21-1536x1152.jpg 1536w, https:\/\/ss-viktorovac.hr\/wp-content\/uploads\/2025\/10\/WhatsApp-Slika-2025-10-28-u-11.32.39_39271c21-560x420.jpg 560w, https:\/\/ss-viktorovac.hr\/wp-content\/uploads\/2025\/10\/WhatsApp-Slika-2025-10-28-u-11.32.39_39271c21-1120x840.jpg 1120w, https:\/\/ss-viktorovac.hr\/wp-content\/uploads\/2025\/10\/WhatsApp-Slika-2025-10-28-u-11.32.39_39271c21-80x60.jpg 80w, https:\/\/ss-viktorovac.hr\/wp-content\/uploads\/2025\/10\/WhatsApp-Slika-2025-10-28-u-11.32.39_39271c21-160x120.jpg 160w, https:\/\/ss-viktorovac.hr\/wp-content\/uploads\/2025\/10\/WhatsApp-Slika-2025-10-28-u-11.32.39_39271c21-150x113.jpg 150w, https:\/\/ss-viktorovac.hr\/wp-content\/uploads\/2025\/10\/WhatsApp-Slika-2025-10-28-u-11.32.39_39271c21-600x450.jpg 600w, https:\/\/ss-viktorovac.hr\/wp-content\/uploads\/2025\/10\/WhatsApp-Slika-2025-10-28-u-11.32.39_39271c21-696x522.jpg 696w, https:\/\/ss-viktorovac.hr\/wp-content\/uploads\/2025\/10\/WhatsApp-Slika-2025-10-28-u-11.32.39_39271c21-1392x1044.jpg 1392w, https:\/\/ss-viktorovac.hr\/wp-content\/uploads\/2025\/10\/WhatsApp-Slika-2025-10-28-u-11.32.39_39271c21-1068x801.jpg 1068w, https:\/\/ss-viktorovac.hr\/wp-content\/uploads\/2025\/10\/WhatsApp-Slika-2025-10-28-u-11.32.39_39271c21-1920x1440.jpg 1920w, https:\/\/ss-viktorovac.hr\/wp-content\/uploads\/2025\/10\/WhatsApp-Slika-2025-10-28-u-11.32.39_39271c21-265x198.jpg 265w\" sizes=\"auto, (max-width: 2048px) 100vw, 2048px\" \/> <img loading=\"lazy\" decoding=\"async\" class=\"alignnone size-full wp-image-1948\" src=\"https:\/\/ss-viktorovac.hr\/wp-content\/uploads\/2025\/10\/WhatsApp-Slika-2025-10-28-u-11.32.39_d4cb6980.jpg\" alt=\"\" width=\"2048\" height=\"1536\" srcset=\"https:\/\/ss-viktorovac.hr\/wp-content\/uploads\/2025\/10\/WhatsApp-Slika-2025-10-28-u-11.32.39_d4cb6980.jpg 2048w, https:\/\/ss-viktorovac.hr\/wp-content\/uploads\/2025\/10\/WhatsApp-Slika-2025-10-28-u-11.32.39_d4cb6980-300x225.jpg 300w, https:\/\/ss-viktorovac.hr\/wp-content\/uploads\/2025\/10\/WhatsApp-Slika-2025-10-28-u-11.32.39_d4cb6980-1024x768.jpg 1024w, https:\/\/ss-viktorovac.hr\/wp-content\/uploads\/2025\/10\/WhatsApp-Slika-2025-10-28-u-11.32.39_d4cb6980-768x576.jpg 768w, https:\/\/ss-viktorovac.hr\/wp-content\/uploads\/2025\/10\/WhatsApp-Slika-2025-10-28-u-11.32.39_d4cb6980-1536x1152.jpg 1536w, https:\/\/ss-viktorovac.hr\/wp-content\/uploads\/2025\/10\/WhatsApp-Slika-2025-10-28-u-11.32.39_d4cb6980-560x420.jpg 560w, https:\/\/ss-viktorovac.hr\/wp-content\/uploads\/2025\/10\/WhatsApp-Slika-2025-10-28-u-11.32.39_d4cb6980-1120x840.jpg 1120w, https:\/\/ss-viktorovac.hr\/wp-content\/uploads\/2025\/10\/WhatsApp-Slika-2025-10-28-u-11.32.39_d4cb6980-80x60.jpg 80w, https:\/\/ss-viktorovac.hr\/wp-content\/uploads\/2025\/10\/WhatsApp-Slika-2025-10-28-u-11.32.39_d4cb6980-160x120.jpg 160w, https:\/\/ss-viktorovac.hr\/wp-content\/uploads\/2025\/10\/WhatsApp-Slika-2025-10-28-u-11.32.39_d4cb6980-150x113.jpg 150w, https:\/\/ss-viktorovac.hr\/wp-content\/uploads\/2025\/10\/WhatsApp-Slika-2025-10-28-u-11.32.39_d4cb6980-600x450.jpg 600w, https:\/\/ss-viktorovac.hr\/wp-content\/uploads\/2025\/10\/WhatsApp-Slika-2025-10-28-u-11.32.39_d4cb6980-696x522.jpg 696w, https:\/\/ss-viktorovac.hr\/wp-content\/uploads\/2025\/10\/WhatsApp-Slika-2025-10-28-u-11.32.39_d4cb6980-1392x1044.jpg 1392w, https:\/\/ss-viktorovac.hr\/wp-content\/uploads\/2025\/10\/WhatsApp-Slika-2025-10-28-u-11.32.39_d4cb6980-1068x801.jpg 1068w, https:\/\/ss-viktorovac.hr\/wp-content\/uploads\/2025\/10\/WhatsApp-Slika-2025-10-28-u-11.32.39_d4cb6980-1920x1440.jpg 1920w, https:\/\/ss-viktorovac.hr\/wp-content\/uploads\/2025\/10\/WhatsApp-Slika-2025-10-28-u-11.32.39_d4cb6980-265x198.jpg 265w\" sizes=\"auto, (max-width: 2048px) 100vw, 2048px\" \/> <img loading=\"lazy\" decoding=\"async\" class=\"alignnone size-full wp-image-1949\" src=\"https:\/\/ss-viktorovac.hr\/wp-content\/uploads\/2025\/10\/WhatsApp-Slika-2025-10-28-u-19.10.59_3fd1a683.jpg\" alt=\"\" width=\"1600\" height=\"1200\" srcset=\"https:\/\/ss-viktorovac.hr\/wp-content\/uploads\/2025\/10\/WhatsApp-Slika-2025-10-28-u-19.10.59_3fd1a683.jpg 1600w, https:\/\/ss-viktorovac.hr\/wp-content\/uploads\/2025\/10\/WhatsApp-Slika-2025-10-28-u-19.10.59_3fd1a683-300x225.jpg 300w, https:\/\/ss-viktorovac.hr\/wp-content\/uploads\/2025\/10\/WhatsApp-Slika-2025-10-28-u-19.10.59_3fd1a683-1024x768.jpg 1024w, https:\/\/ss-viktorovac.hr\/wp-content\/uploads\/2025\/10\/WhatsApp-Slika-2025-10-28-u-19.10.59_3fd1a683-768x576.jpg 768w, https:\/\/ss-viktorovac.hr\/wp-content\/uploads\/2025\/10\/WhatsApp-Slika-2025-10-28-u-19.10.59_3fd1a683-1536x1152.jpg 1536w, https:\/\/ss-viktorovac.hr\/wp-content\/uploads\/2025\/10\/WhatsApp-Slika-2025-10-28-u-19.10.59_3fd1a683-560x420.jpg 560w, https:\/\/ss-viktorovac.hr\/wp-content\/uploads\/2025\/10\/WhatsApp-Slika-2025-10-28-u-19.10.59_3fd1a683-1120x840.jpg 1120w, https:\/\/ss-viktorovac.hr\/wp-content\/uploads\/2025\/10\/WhatsApp-Slika-2025-10-28-u-19.10.59_3fd1a683-80x60.jpg 80w, https:\/\/ss-viktorovac.hr\/wp-content\/uploads\/2025\/10\/WhatsApp-Slika-2025-10-28-u-19.10.59_3fd1a683-160x120.jpg 160w, https:\/\/ss-viktorovac.hr\/wp-content\/uploads\/2025\/10\/WhatsApp-Slika-2025-10-28-u-19.10.59_3fd1a683-150x113.jpg 150w, https:\/\/ss-viktorovac.hr\/wp-content\/uploads\/2025\/10\/WhatsApp-Slika-2025-10-28-u-19.10.59_3fd1a683-600x450.jpg 600w, https:\/\/ss-viktorovac.hr\/wp-content\/uploads\/2025\/10\/WhatsApp-Slika-2025-10-28-u-19.10.59_3fd1a683-696x522.jpg 696w, https:\/\/ss-viktorovac.hr\/wp-content\/uploads\/2025\/10\/WhatsApp-Slika-2025-10-28-u-19.10.59_3fd1a683-1392x1044.jpg 1392w, https:\/\/ss-viktorovac.hr\/wp-content\/uploads\/2025\/10\/WhatsApp-Slika-2025-10-28-u-19.10.59_3fd1a683-1068x801.jpg 1068w, https:\/\/ss-viktorovac.hr\/wp-content\/uploads\/2025\/10\/WhatsApp-Slika-2025-10-28-u-19.10.59_3fd1a683-265x198.jpg 265w\" sizes=\"auto, (max-width: 1600px) 100vw, 1600px\" \/> <img loading=\"lazy\" decoding=\"async\" class=\"alignnone size-full wp-image-1950\" src=\"https:\/\/ss-viktorovac.hr\/wp-content\/uploads\/2025\/10\/WhatsApp-Slika-2025-10-28-u-19.10.59_785f1963.jpg\" alt=\"\" width=\"1600\" height=\"1200\" srcset=\"https:\/\/ss-viktorovac.hr\/wp-content\/uploads\/2025\/10\/WhatsApp-Slika-2025-10-28-u-19.10.59_785f1963.jpg 1600w, https:\/\/ss-viktorovac.hr\/wp-content\/uploads\/2025\/10\/WhatsApp-Slika-2025-10-28-u-19.10.59_785f1963-300x225.jpg 300w, https:\/\/ss-viktorovac.hr\/wp-content\/uploads\/2025\/10\/WhatsApp-Slika-2025-10-28-u-19.10.59_785f1963-1024x768.jpg 1024w, https:\/\/ss-viktorovac.hr\/wp-content\/uploads\/2025\/10\/WhatsApp-Slika-2025-10-28-u-19.10.59_785f1963-768x576.jpg 768w, https:\/\/ss-viktorovac.hr\/wp-content\/uploads\/2025\/10\/WhatsApp-Slika-2025-10-28-u-19.10.59_785f1963-1536x1152.jpg 1536w, https:\/\/ss-viktorovac.hr\/wp-content\/uploads\/2025\/10\/WhatsApp-Slika-2025-10-28-u-19.10.59_785f1963-560x420.jpg 560w, https:\/\/ss-viktorovac.hr\/wp-content\/uploads\/2025\/10\/WhatsApp-Slika-2025-10-28-u-19.10.59_785f1963-1120x840.jpg 1120w, https:\/\/ss-viktorovac.hr\/wp-content\/uploads\/2025\/10\/WhatsApp-Slika-2025-10-28-u-19.10.59_785f1963-80x60.jpg 80w, https:\/\/ss-viktorovac.hr\/wp-content\/uploads\/2025\/10\/WhatsApp-Slika-2025-10-28-u-19.10.59_785f1963-160x120.jpg 160w, https:\/\/ss-viktorovac.hr\/wp-content\/uploads\/2025\/10\/WhatsApp-Slika-2025-10-28-u-19.10.59_785f1963-150x113.jpg 150w, https:\/\/ss-viktorovac.hr\/wp-content\/uploads\/2025\/10\/WhatsApp-Slika-2025-10-28-u-19.10.59_785f1963-600x450.jpg 600w, https:\/\/ss-viktorovac.hr\/wp-content\/uploads\/2025\/10\/WhatsApp-Slika-2025-10-28-u-19.10.59_785f1963-696x522.jpg 696w, https:\/\/ss-viktorovac.hr\/wp-content\/uploads\/2025\/10\/WhatsApp-Slika-2025-10-28-u-19.10.59_785f1963-1392x1044.jpg 1392w, https:\/\/ss-viktorovac.hr\/wp-content\/uploads\/2025\/10\/WhatsApp-Slika-2025-10-28-u-19.10.59_785f1963-1068x801.jpg 1068w, https:\/\/ss-viktorovac.hr\/wp-content\/uploads\/2025\/10\/WhatsApp-Slika-2025-10-28-u-19.10.59_785f1963-265x198.jpg 265w\" sizes=\"auto, (max-width: 1600px) 100vw, 1600px\" \/> <img loading=\"lazy\" decoding=\"async\" class=\"alignnone size-full wp-image-1951\" src=\"https:\/\/ss-viktorovac.hr\/wp-content\/uploads\/2025\/10\/WhatsApp-Slika-2025-10-28-u-19.10.59_bab6b567.jpg\" alt=\"\" width=\"1600\" height=\"1200\" srcset=\"https:\/\/ss-viktorovac.hr\/wp-content\/uploads\/2025\/10\/WhatsApp-Slika-2025-10-28-u-19.10.59_bab6b567.jpg 1600w, https:\/\/ss-viktorovac.hr\/wp-content\/uploads\/2025\/10\/WhatsApp-Slika-2025-10-28-u-19.10.59_bab6b567-300x225.jpg 300w, https:\/\/ss-viktorovac.hr\/wp-content\/uploads\/2025\/10\/WhatsApp-Slika-2025-10-28-u-19.10.59_bab6b567-1024x768.jpg 1024w, https:\/\/ss-viktorovac.hr\/wp-content\/uploads\/2025\/10\/WhatsApp-Slika-2025-10-28-u-19.10.59_bab6b567-768x576.jpg 768w, https:\/\/ss-viktorovac.hr\/wp-content\/uploads\/2025\/10\/WhatsApp-Slika-2025-10-28-u-19.10.59_bab6b567-1536x1152.jpg 1536w, https:\/\/ss-viktorovac.hr\/wp-content\/uploads\/2025\/10\/WhatsApp-Slika-2025-10-28-u-19.10.59_bab6b567-560x420.jpg 560w, https:\/\/ss-viktorovac.hr\/wp-content\/uploads\/2025\/10\/WhatsApp-Slika-2025-10-28-u-19.10.59_bab6b567-1120x840.jpg 1120w, https:\/\/ss-viktorovac.hr\/wp-content\/uploads\/2025\/10\/WhatsApp-Slika-2025-10-28-u-19.10.59_bab6b567-80x60.jpg 80w, https:\/\/ss-viktorovac.hr\/wp-content\/uploads\/2025\/10\/WhatsApp-Slika-2025-10-28-u-19.10.59_bab6b567-160x120.jpg 160w, https:\/\/ss-viktorovac.hr\/wp-content\/uploads\/2025\/10\/WhatsApp-Slika-2025-10-28-u-19.10.59_bab6b567-150x113.jpg 150w, https:\/\/ss-viktorovac.hr\/wp-content\/uploads\/2025\/10\/WhatsApp-Slika-2025-10-28-u-19.10.59_bab6b567-600x450.jpg 600w, https:\/\/ss-viktorovac.hr\/wp-content\/uploads\/2025\/10\/WhatsApp-Slika-2025-10-28-u-19.10.59_bab6b567-696x522.jpg 696w, https:\/\/ss-viktorovac.hr\/wp-content\/uploads\/2025\/10\/WhatsApp-Slika-2025-10-28-u-19.10.59_bab6b567-1392x1044.jpg 1392w, https:\/\/ss-viktorovac.hr\/wp-content\/uploads\/2025\/10\/WhatsApp-Slika-2025-10-28-u-19.10.59_bab6b567-1068x801.jpg 1068w, https:\/\/ss-viktorovac.hr\/wp-content\/uploads\/2025\/10\/WhatsApp-Slika-2025-10-28-u-19.10.59_bab6b567-265x198.jpg 265w\" sizes=\"auto, (max-width: 1600px) 100vw, 1600px\" \/><\/p>\n<p>&nbsp;<\/p>\n","protected":false},"excerpt":{"rendered":"<p>Svjetski dan animiranog filma obilje\u017eava se od 2002. u spomen na prvu javnu projekciju animiranog filma &#8220;Pauvre Pierrot&#8221; koja je odr\u017eana ba\u0161 28.10.1892. Tako smo danas u dva termina obilje\u017eili Svjetski dan animiranog filma. Tom prilikom pogledali smo poznati animirani film \u201eSurogat\u201d Du\u0161ana Vukoti\u0107a, prvi neameri\u010dki film koji je osvojio Oscara za najbolji animirani film. [&hellip;]<\/p>\n","protected":false},"author":12,"featured_media":1945,"comment_status":"open","ping_status":"open","sticky":false,"template":"","format":"standard","meta":{"footnotes":""},"categories":[1,64],"tags":[],"class_list":{"0":"post-1944","1":"post","2":"type-post","3":"status-publish","4":"format-standard","5":"has-post-thumbnail","7":"category-nekategorizirano","8":"category-ucenicki-dom"},"yoast_head":"<!-- This site is optimized with the Yoast SEO plugin v27.5 - https:\/\/yoast.com\/product\/yoast-seo-wordpress\/ -->\n<title>Svjetski dan animiranog filma - Srednja \u0161kola Viktorovac<\/title>\n<meta name=\"robots\" content=\"index, follow, max-snippet:-1, max-image-preview:large, max-video-preview:-1\" \/>\n<link rel=\"canonical\" href=\"https:\/\/ss-viktorovac.hr\/index.php\/2025\/10\/28\/svjetski-dan-animiranog-filma\/\" \/>\n<meta property=\"og:locale\" content=\"hr_HR\" \/>\n<meta property=\"og:type\" content=\"article\" \/>\n<meta property=\"og:title\" content=\"Svjetski dan animiranog filma - Srednja \u0161kola Viktorovac\" \/>\n<meta property=\"og:description\" content=\"Svjetski dan animiranog filma obilje\u017eava se od 2002. u spomen na prvu javnu projekciju animiranog filma &#8220;Pauvre Pierrot&#8221; koja je odr\u017eana ba\u0161 28.10.1892. Tako smo danas u dva termina obilje\u017eili Svjetski dan animiranog filma. Tom prilikom pogledali smo poznati animirani film \u201eSurogat\u201d Du\u0161ana Vukoti\u0107a, prvi neameri\u010dki film koji je osvojio Oscara za najbolji animirani film. [&hellip;]\" \/>\n<meta property=\"og:url\" content=\"https:\/\/ss-viktorovac.hr\/index.php\/2025\/10\/28\/svjetski-dan-animiranog-filma\/\" \/>\n<meta property=\"og:site_name\" content=\"Srednja \u0161kola Viktorovac\" \/>\n<meta property=\"article:published_time\" content=\"2025-10-28T18:14:05+00:00\" \/>\n<meta property=\"article:modified_time\" content=\"2025-10-28T18:15:20+00:00\" \/>\n<meta property=\"og:image\" content=\"https:\/\/ss-viktorovac.hr\/wp-content\/uploads\/2025\/10\/WhatsApp-Slika-2025-10-28-u-12.43.51_61e51740.jpg\" \/>\n\t<meta property=\"og:image:width\" content=\"2048\" \/>\n\t<meta property=\"og:image:height\" content=\"1164\" \/>\n\t<meta property=\"og:image:type\" content=\"image\/jpeg\" \/>\n<meta name=\"author\" content=\"Petra \u0160pi\u0161i\u0107\" \/>\n<meta name=\"twitter:card\" content=\"summary_large_image\" \/>\n<meta name=\"twitter:label1\" content=\"Napisao\/la\" \/>\n\t<meta name=\"twitter:data1\" content=\"Petra \u0160pi\u0161i\u0107\" \/>\n\t<meta name=\"twitter:label2\" content=\"Procijenjeno vrijeme \u010ditanja\" \/>\n\t<meta name=\"twitter:data2\" content=\"2 minute\" \/>\n<script type=\"application\/ld+json\" class=\"yoast-schema-graph\">{\"@context\":\"https:\\\/\\\/schema.org\",\"@graph\":[{\"@type\":\"Article\",\"@id\":\"https:\\\/\\\/ss-viktorovac.hr\\\/index.php\\\/2025\\\/10\\\/28\\\/svjetski-dan-animiranog-filma\\\/#article\",\"isPartOf\":{\"@id\":\"https:\\\/\\\/ss-viktorovac.hr\\\/index.php\\\/2025\\\/10\\\/28\\\/svjetski-dan-animiranog-filma\\\/\"},\"author\":{\"name\":\"Petra \u0160pi\u0161i\u0107\",\"@id\":\"https:\\\/\\\/ss-viktorovac.hr\\\/#\\\/schema\\\/person\\\/a85db224641e74ecedaf6d153295217e\"},\"headline\":\"Svjetski dan animiranog filma\",\"datePublished\":\"2025-10-28T18:14:05+00:00\",\"dateModified\":\"2025-10-28T18:15:20+00:00\",\"mainEntityOfPage\":{\"@id\":\"https:\\\/\\\/ss-viktorovac.hr\\\/index.php\\\/2025\\\/10\\\/28\\\/svjetski-dan-animiranog-filma\\\/\"},\"wordCount\":105,\"commentCount\":0,\"image\":{\"@id\":\"https:\\\/\\\/ss-viktorovac.hr\\\/index.php\\\/2025\\\/10\\\/28\\\/svjetski-dan-animiranog-filma\\\/#primaryimage\"},\"thumbnailUrl\":\"https:\\\/\\\/ss-viktorovac.hr\\\/wp-content\\\/uploads\\\/2025\\\/10\\\/WhatsApp-Slika-2025-10-28-u-12.43.51_61e51740.jpg\",\"articleSection\":{\"1\":\"U\u010cENI\u010cKI DOM\"},\"inLanguage\":\"hr\",\"potentialAction\":[{\"@type\":\"CommentAction\",\"name\":\"Comment\",\"target\":[\"https:\\\/\\\/ss-viktorovac.hr\\\/index.php\\\/2025\\\/10\\\/28\\\/svjetski-dan-animiranog-filma\\\/#respond\"]}]},{\"@type\":\"WebPage\",\"@id\":\"https:\\\/\\\/ss-viktorovac.hr\\\/index.php\\\/2025\\\/10\\\/28\\\/svjetski-dan-animiranog-filma\\\/\",\"url\":\"https:\\\/\\\/ss-viktorovac.hr\\\/index.php\\\/2025\\\/10\\\/28\\\/svjetski-dan-animiranog-filma\\\/\",\"name\":\"Svjetski dan animiranog filma - Srednja \u0161kola Viktorovac\",\"isPartOf\":{\"@id\":\"https:\\\/\\\/ss-viktorovac.hr\\\/#website\"},\"primaryImageOfPage\":{\"@id\":\"https:\\\/\\\/ss-viktorovac.hr\\\/index.php\\\/2025\\\/10\\\/28\\\/svjetski-dan-animiranog-filma\\\/#primaryimage\"},\"image\":{\"@id\":\"https:\\\/\\\/ss-viktorovac.hr\\\/index.php\\\/2025\\\/10\\\/28\\\/svjetski-dan-animiranog-filma\\\/#primaryimage\"},\"thumbnailUrl\":\"https:\\\/\\\/ss-viktorovac.hr\\\/wp-content\\\/uploads\\\/2025\\\/10\\\/WhatsApp-Slika-2025-10-28-u-12.43.51_61e51740.jpg\",\"datePublished\":\"2025-10-28T18:14:05+00:00\",\"dateModified\":\"2025-10-28T18:15:20+00:00\",\"author\":{\"@id\":\"https:\\\/\\\/ss-viktorovac.hr\\\/#\\\/schema\\\/person\\\/a85db224641e74ecedaf6d153295217e\"},\"breadcrumb\":{\"@id\":\"https:\\\/\\\/ss-viktorovac.hr\\\/index.php\\\/2025\\\/10\\\/28\\\/svjetski-dan-animiranog-filma\\\/#breadcrumb\"},\"inLanguage\":\"hr\",\"potentialAction\":[{\"@type\":\"ReadAction\",\"target\":[\"https:\\\/\\\/ss-viktorovac.hr\\\/index.php\\\/2025\\\/10\\\/28\\\/svjetski-dan-animiranog-filma\\\/\"]}]},{\"@type\":\"ImageObject\",\"inLanguage\":\"hr\",\"@id\":\"https:\\\/\\\/ss-viktorovac.hr\\\/index.php\\\/2025\\\/10\\\/28\\\/svjetski-dan-animiranog-filma\\\/#primaryimage\",\"url\":\"https:\\\/\\\/ss-viktorovac.hr\\\/wp-content\\\/uploads\\\/2025\\\/10\\\/WhatsApp-Slika-2025-10-28-u-12.43.51_61e51740.jpg\",\"contentUrl\":\"https:\\\/\\\/ss-viktorovac.hr\\\/wp-content\\\/uploads\\\/2025\\\/10\\\/WhatsApp-Slika-2025-10-28-u-12.43.51_61e51740.jpg\",\"width\":2048,\"height\":1164},{\"@type\":\"BreadcrumbList\",\"@id\":\"https:\\\/\\\/ss-viktorovac.hr\\\/index.php\\\/2025\\\/10\\\/28\\\/svjetski-dan-animiranog-filma\\\/#breadcrumb\",\"itemListElement\":[{\"@type\":\"ListItem\",\"position\":1,\"name\":\"Po\u010detna stranica\",\"item\":\"https:\\\/\\\/ss-viktorovac.hr\\\/\"},{\"@type\":\"ListItem\",\"position\":2,\"name\":\"Svjetski dan animiranog filma\"}]},{\"@type\":\"WebSite\",\"@id\":\"https:\\\/\\\/ss-viktorovac.hr\\\/#website\",\"url\":\"https:\\\/\\\/ss-viktorovac.hr\\\/\",\"name\":\"Srednja \u0161kola Viktorovac\",\"description\":\"\",\"potentialAction\":[{\"@type\":\"SearchAction\",\"target\":{\"@type\":\"EntryPoint\",\"urlTemplate\":\"https:\\\/\\\/ss-viktorovac.hr\\\/?s={search_term_string}\"},\"query-input\":{\"@type\":\"PropertyValueSpecification\",\"valueRequired\":true,\"valueName\":\"search_term_string\"}}],\"inLanguage\":\"hr\"},{\"@type\":\"Person\",\"@id\":\"https:\\\/\\\/ss-viktorovac.hr\\\/#\\\/schema\\\/person\\\/a85db224641e74ecedaf6d153295217e\",\"name\":\"Petra \u0160pi\u0161i\u0107\",\"image\":{\"@type\":\"ImageObject\",\"inLanguage\":\"hr\",\"@id\":\"https:\\\/\\\/secure.gravatar.com\\\/avatar\\\/13e02e237911ab7509205b21ecc1342be5bf4a55ea6d21f436878676d8f66679?s=96&d=mm&r=g\",\"url\":\"https:\\\/\\\/secure.gravatar.com\\\/avatar\\\/13e02e237911ab7509205b21ecc1342be5bf4a55ea6d21f436878676d8f66679?s=96&d=mm&r=g\",\"contentUrl\":\"https:\\\/\\\/secure.gravatar.com\\\/avatar\\\/13e02e237911ab7509205b21ecc1342be5bf4a55ea6d21f436878676d8f66679?s=96&d=mm&r=g\",\"caption\":\"Petra \u0160pi\u0161i\u0107\"},\"url\":\"https:\\\/\\\/ss-viktorovac.hr\\\/index.php\\\/author\\\/petra-spisic\\\/\"}]}<\/script>\n<!-- \/ Yoast SEO plugin. -->","yoast_head_json":{"title":"Svjetski dan animiranog filma - Srednja \u0161kola Viktorovac","robots":{"index":"index","follow":"follow","max-snippet":"max-snippet:-1","max-image-preview":"max-image-preview:large","max-video-preview":"max-video-preview:-1"},"canonical":"https:\/\/ss-viktorovac.hr\/index.php\/2025\/10\/28\/svjetski-dan-animiranog-filma\/","og_locale":"hr_HR","og_type":"article","og_title":"Svjetski dan animiranog filma - Srednja \u0161kola Viktorovac","og_description":"Svjetski dan animiranog filma obilje\u017eava se od 2002. u spomen na prvu javnu projekciju animiranog filma &#8220;Pauvre Pierrot&#8221; koja je odr\u017eana ba\u0161 28.10.1892. Tako smo danas u dva termina obilje\u017eili Svjetski dan animiranog filma. Tom prilikom pogledali smo poznati animirani film \u201eSurogat\u201d Du\u0161ana Vukoti\u0107a, prvi neameri\u010dki film koji je osvojio Oscara za najbolji animirani film. [&hellip;]","og_url":"https:\/\/ss-viktorovac.hr\/index.php\/2025\/10\/28\/svjetski-dan-animiranog-filma\/","og_site_name":"Srednja \u0161kola Viktorovac","article_published_time":"2025-10-28T18:14:05+00:00","article_modified_time":"2025-10-28T18:15:20+00:00","og_image":[{"width":2048,"height":1164,"url":"https:\/\/ss-viktorovac.hr\/wp-content\/uploads\/2025\/10\/WhatsApp-Slika-2025-10-28-u-12.43.51_61e51740.jpg","type":"image\/jpeg"}],"author":"Petra \u0160pi\u0161i\u0107","twitter_card":"summary_large_image","twitter_misc":{"Napisao\/la":"Petra \u0160pi\u0161i\u0107","Procijenjeno vrijeme \u010ditanja":"2 minute"},"schema":{"@context":"https:\/\/schema.org","@graph":[{"@type":"Article","@id":"https:\/\/ss-viktorovac.hr\/index.php\/2025\/10\/28\/svjetski-dan-animiranog-filma\/#article","isPartOf":{"@id":"https:\/\/ss-viktorovac.hr\/index.php\/2025\/10\/28\/svjetski-dan-animiranog-filma\/"},"author":{"name":"Petra \u0160pi\u0161i\u0107","@id":"https:\/\/ss-viktorovac.hr\/#\/schema\/person\/a85db224641e74ecedaf6d153295217e"},"headline":"Svjetski dan animiranog filma","datePublished":"2025-10-28T18:14:05+00:00","dateModified":"2025-10-28T18:15:20+00:00","mainEntityOfPage":{"@id":"https:\/\/ss-viktorovac.hr\/index.php\/2025\/10\/28\/svjetski-dan-animiranog-filma\/"},"wordCount":105,"commentCount":0,"image":{"@id":"https:\/\/ss-viktorovac.hr\/index.php\/2025\/10\/28\/svjetski-dan-animiranog-filma\/#primaryimage"},"thumbnailUrl":"https:\/\/ss-viktorovac.hr\/wp-content\/uploads\/2025\/10\/WhatsApp-Slika-2025-10-28-u-12.43.51_61e51740.jpg","articleSection":{"1":"U\u010cENI\u010cKI DOM"},"inLanguage":"hr","potentialAction":[{"@type":"CommentAction","name":"Comment","target":["https:\/\/ss-viktorovac.hr\/index.php\/2025\/10\/28\/svjetski-dan-animiranog-filma\/#respond"]}]},{"@type":"WebPage","@id":"https:\/\/ss-viktorovac.hr\/index.php\/2025\/10\/28\/svjetski-dan-animiranog-filma\/","url":"https:\/\/ss-viktorovac.hr\/index.php\/2025\/10\/28\/svjetski-dan-animiranog-filma\/","name":"Svjetski dan animiranog filma - Srednja \u0161kola Viktorovac","isPartOf":{"@id":"https:\/\/ss-viktorovac.hr\/#website"},"primaryImageOfPage":{"@id":"https:\/\/ss-viktorovac.hr\/index.php\/2025\/10\/28\/svjetski-dan-animiranog-filma\/#primaryimage"},"image":{"@id":"https:\/\/ss-viktorovac.hr\/index.php\/2025\/10\/28\/svjetski-dan-animiranog-filma\/#primaryimage"},"thumbnailUrl":"https:\/\/ss-viktorovac.hr\/wp-content\/uploads\/2025\/10\/WhatsApp-Slika-2025-10-28-u-12.43.51_61e51740.jpg","datePublished":"2025-10-28T18:14:05+00:00","dateModified":"2025-10-28T18:15:20+00:00","author":{"@id":"https:\/\/ss-viktorovac.hr\/#\/schema\/person\/a85db224641e74ecedaf6d153295217e"},"breadcrumb":{"@id":"https:\/\/ss-viktorovac.hr\/index.php\/2025\/10\/28\/svjetski-dan-animiranog-filma\/#breadcrumb"},"inLanguage":"hr","potentialAction":[{"@type":"ReadAction","target":["https:\/\/ss-viktorovac.hr\/index.php\/2025\/10\/28\/svjetski-dan-animiranog-filma\/"]}]},{"@type":"ImageObject","inLanguage":"hr","@id":"https:\/\/ss-viktorovac.hr\/index.php\/2025\/10\/28\/svjetski-dan-animiranog-filma\/#primaryimage","url":"https:\/\/ss-viktorovac.hr\/wp-content\/uploads\/2025\/10\/WhatsApp-Slika-2025-10-28-u-12.43.51_61e51740.jpg","contentUrl":"https:\/\/ss-viktorovac.hr\/wp-content\/uploads\/2025\/10\/WhatsApp-Slika-2025-10-28-u-12.43.51_61e51740.jpg","width":2048,"height":1164},{"@type":"BreadcrumbList","@id":"https:\/\/ss-viktorovac.hr\/index.php\/2025\/10\/28\/svjetski-dan-animiranog-filma\/#breadcrumb","itemListElement":[{"@type":"ListItem","position":1,"name":"Po\u010detna stranica","item":"https:\/\/ss-viktorovac.hr\/"},{"@type":"ListItem","position":2,"name":"Svjetski dan animiranog filma"}]},{"@type":"WebSite","@id":"https:\/\/ss-viktorovac.hr\/#website","url":"https:\/\/ss-viktorovac.hr\/","name":"Srednja \u0161kola Viktorovac","description":"","potentialAction":[{"@type":"SearchAction","target":{"@type":"EntryPoint","urlTemplate":"https:\/\/ss-viktorovac.hr\/?s={search_term_string}"},"query-input":{"@type":"PropertyValueSpecification","valueRequired":true,"valueName":"search_term_string"}}],"inLanguage":"hr"},{"@type":"Person","@id":"https:\/\/ss-viktorovac.hr\/#\/schema\/person\/a85db224641e74ecedaf6d153295217e","name":"Petra \u0160pi\u0161i\u0107","image":{"@type":"ImageObject","inLanguage":"hr","@id":"https:\/\/secure.gravatar.com\/avatar\/13e02e237911ab7509205b21ecc1342be5bf4a55ea6d21f436878676d8f66679?s=96&d=mm&r=g","url":"https:\/\/secure.gravatar.com\/avatar\/13e02e237911ab7509205b21ecc1342be5bf4a55ea6d21f436878676d8f66679?s=96&d=mm&r=g","contentUrl":"https:\/\/secure.gravatar.com\/avatar\/13e02e237911ab7509205b21ecc1342be5bf4a55ea6d21f436878676d8f66679?s=96&d=mm&r=g","caption":"Petra \u0160pi\u0161i\u0107"},"url":"https:\/\/ss-viktorovac.hr\/index.php\/author\/petra-spisic\/"}]}},"_links":{"self":[{"href":"https:\/\/ss-viktorovac.hr\/index.php\/wp-json\/wp\/v2\/posts\/1944","targetHints":{"allow":["GET"]}}],"collection":[{"href":"https:\/\/ss-viktorovac.hr\/index.php\/wp-json\/wp\/v2\/posts"}],"about":[{"href":"https:\/\/ss-viktorovac.hr\/index.php\/wp-json\/wp\/v2\/types\/post"}],"author":[{"embeddable":true,"href":"https:\/\/ss-viktorovac.hr\/index.php\/wp-json\/wp\/v2\/users\/12"}],"replies":[{"embeddable":true,"href":"https:\/\/ss-viktorovac.hr\/index.php\/wp-json\/wp\/v2\/comments?post=1944"}],"version-history":[{"count":2,"href":"https:\/\/ss-viktorovac.hr\/index.php\/wp-json\/wp\/v2\/posts\/1944\/revisions"}],"predecessor-version":[{"id":1953,"href":"https:\/\/ss-viktorovac.hr\/index.php\/wp-json\/wp\/v2\/posts\/1944\/revisions\/1953"}],"wp:featuredmedia":[{"embeddable":true,"href":"https:\/\/ss-viktorovac.hr\/index.php\/wp-json\/wp\/v2\/media\/1945"}],"wp:attachment":[{"href":"https:\/\/ss-viktorovac.hr\/index.php\/wp-json\/wp\/v2\/media?parent=1944"}],"wp:term":[{"taxonomy":"category","embeddable":true,"href":"https:\/\/ss-viktorovac.hr\/index.php\/wp-json\/wp\/v2\/categories?post=1944"},{"taxonomy":"post_tag","embeddable":true,"href":"https:\/\/ss-viktorovac.hr\/index.php\/wp-json\/wp\/v2\/tags?post=1944"}],"curies":[{"name":"wp","href":"https:\/\/api.w.org\/{rel}","templated":true}]}}