{"id":2087,"date":"2025-11-19T17:39:47","date_gmt":"2025-11-19T16:39:47","guid":{"rendered":"https:\/\/ss-viktorovac.hr\/?p=2087"},"modified":"2025-11-19T17:39:47","modified_gmt":"2025-11-19T16:39:47","slug":"dan-sjecanja-na-zrtve-domovinskog-rata-i-dan-sjecanja-na-zrtvu-vukovara-i-skabrnje","status":"publish","type":"post","link":"https:\/\/ss-viktorovac.hr\/index.php\/2025\/11\/19\/dan-sjecanja-na-zrtve-domovinskog-rata-i-dan-sjecanja-na-zrtvu-vukovara-i-skabrnje\/","title":{"rendered":"Dan sje\u0107anja na \u017ertve Domovinskog rata i Dan sje\u0107anja na \u017ertvu Vukovara i \u0160kabrnje"},"content":{"rendered":"<p>Korisnici i djelatnici U\u010deni\u010dkog doma Sisak obilje\u017eili su Dan sje\u0107anja na \u017ertve Domovinskog rata i Dan sje\u0107anja na \u017ertvu Vukovara i \u0160kabrnje. Prije samog paljenja lampiona odgajatelj Vuja odr\u017eao je prigodni govor.<\/p>\n<p>U ti\u0161ini, ispred zgrade Doma okupili smo se kako bismo odali po\u010dast svim \u017ertvama Domovinskog rata.<\/p>\n<p>Crveni plamenovi lampiona\u00a0 simboli\u010dno su osvijetlili no\u0107 i podsjetili na hrabrost, \u017ertvu i patnju koju su podnijeli branitelji i civili tijekom Domovinskog rata. Svaki upaljeni lampion predstavlja znak zahvalnosti, po\u0161tovanja i trajnog sje\u0107anja na njihovu \u017ertvu.<\/p>\n<p>Neka svjetlost lampiona bude trajni podsjetnik na sve koji su dali \u017eivot za domovinu te na na\u0161u odgovornost da \u010duvamo mir, slobodu i zajedni\u0161tvo za budu\u0107e generacije.<\/p>\n<p><img loading=\"lazy\" decoding=\"async\" class=\"alignnone size-full wp-image-2088\" src=\"https:\/\/ss-viktorovac.hr\/wp-content\/uploads\/2025\/11\/WhatsApp-Slika-2025-11-18-u-18.10.03_781cbbec.jpg\" alt=\"\" width=\"2048\" height=\"1536\" srcset=\"https:\/\/ss-viktorovac.hr\/wp-content\/uploads\/2025\/11\/WhatsApp-Slika-2025-11-18-u-18.10.03_781cbbec.jpg 2048w, https:\/\/ss-viktorovac.hr\/wp-content\/uploads\/2025\/11\/WhatsApp-Slika-2025-11-18-u-18.10.03_781cbbec-300x225.jpg 300w, https:\/\/ss-viktorovac.hr\/wp-content\/uploads\/2025\/11\/WhatsApp-Slika-2025-11-18-u-18.10.03_781cbbec-1024x768.jpg 1024w, https:\/\/ss-viktorovac.hr\/wp-content\/uploads\/2025\/11\/WhatsApp-Slika-2025-11-18-u-18.10.03_781cbbec-768x576.jpg 768w, https:\/\/ss-viktorovac.hr\/wp-content\/uploads\/2025\/11\/WhatsApp-Slika-2025-11-18-u-18.10.03_781cbbec-1536x1152.jpg 1536w, https:\/\/ss-viktorovac.hr\/wp-content\/uploads\/2025\/11\/WhatsApp-Slika-2025-11-18-u-18.10.03_781cbbec-560x420.jpg 560w, https:\/\/ss-viktorovac.hr\/wp-content\/uploads\/2025\/11\/WhatsApp-Slika-2025-11-18-u-18.10.03_781cbbec-1120x840.jpg 1120w, https:\/\/ss-viktorovac.hr\/wp-content\/uploads\/2025\/11\/WhatsApp-Slika-2025-11-18-u-18.10.03_781cbbec-80x60.jpg 80w, https:\/\/ss-viktorovac.hr\/wp-content\/uploads\/2025\/11\/WhatsApp-Slika-2025-11-18-u-18.10.03_781cbbec-160x120.jpg 160w, https:\/\/ss-viktorovac.hr\/wp-content\/uploads\/2025\/11\/WhatsApp-Slika-2025-11-18-u-18.10.03_781cbbec-150x113.jpg 150w, https:\/\/ss-viktorovac.hr\/wp-content\/uploads\/2025\/11\/WhatsApp-Slika-2025-11-18-u-18.10.03_781cbbec-600x450.jpg 600w, https:\/\/ss-viktorovac.hr\/wp-content\/uploads\/2025\/11\/WhatsApp-Slika-2025-11-18-u-18.10.03_781cbbec-696x522.jpg 696w, https:\/\/ss-viktorovac.hr\/wp-content\/uploads\/2025\/11\/WhatsApp-Slika-2025-11-18-u-18.10.03_781cbbec-1392x1044.jpg 1392w, https:\/\/ss-viktorovac.hr\/wp-content\/uploads\/2025\/11\/WhatsApp-Slika-2025-11-18-u-18.10.03_781cbbec-1068x801.jpg 1068w, https:\/\/ss-viktorovac.hr\/wp-content\/uploads\/2025\/11\/WhatsApp-Slika-2025-11-18-u-18.10.03_781cbbec-1920x1440.jpg 1920w, https:\/\/ss-viktorovac.hr\/wp-content\/uploads\/2025\/11\/WhatsApp-Slika-2025-11-18-u-18.10.03_781cbbec-265x198.jpg 265w\" sizes=\"auto, (max-width: 2048px) 100vw, 2048px\" \/><\/p>\n<p><img loading=\"lazy\" decoding=\"async\" class=\"alignnone size-full wp-image-2089\" src=\"https:\/\/ss-viktorovac.hr\/wp-content\/uploads\/2025\/11\/WhatsApp-Slika-2025-11-18-u-18.10.03_b4e61910.jpg\" alt=\"\" width=\"2048\" height=\"1536\" srcset=\"https:\/\/ss-viktorovac.hr\/wp-content\/uploads\/2025\/11\/WhatsApp-Slika-2025-11-18-u-18.10.03_b4e61910.jpg 2048w, https:\/\/ss-viktorovac.hr\/wp-content\/uploads\/2025\/11\/WhatsApp-Slika-2025-11-18-u-18.10.03_b4e61910-300x225.jpg 300w, https:\/\/ss-viktorovac.hr\/wp-content\/uploads\/2025\/11\/WhatsApp-Slika-2025-11-18-u-18.10.03_b4e61910-1024x768.jpg 1024w, https:\/\/ss-viktorovac.hr\/wp-content\/uploads\/2025\/11\/WhatsApp-Slika-2025-11-18-u-18.10.03_b4e61910-768x576.jpg 768w, https:\/\/ss-viktorovac.hr\/wp-content\/uploads\/2025\/11\/WhatsApp-Slika-2025-11-18-u-18.10.03_b4e61910-1536x1152.jpg 1536w, https:\/\/ss-viktorovac.hr\/wp-content\/uploads\/2025\/11\/WhatsApp-Slika-2025-11-18-u-18.10.03_b4e61910-560x420.jpg 560w, https:\/\/ss-viktorovac.hr\/wp-content\/uploads\/2025\/11\/WhatsApp-Slika-2025-11-18-u-18.10.03_b4e61910-1120x840.jpg 1120w, https:\/\/ss-viktorovac.hr\/wp-content\/uploads\/2025\/11\/WhatsApp-Slika-2025-11-18-u-18.10.03_b4e61910-80x60.jpg 80w, https:\/\/ss-viktorovac.hr\/wp-content\/uploads\/2025\/11\/WhatsApp-Slika-2025-11-18-u-18.10.03_b4e61910-160x120.jpg 160w, https:\/\/ss-viktorovac.hr\/wp-content\/uploads\/2025\/11\/WhatsApp-Slika-2025-11-18-u-18.10.03_b4e61910-150x113.jpg 150w, https:\/\/ss-viktorovac.hr\/wp-content\/uploads\/2025\/11\/WhatsApp-Slika-2025-11-18-u-18.10.03_b4e61910-600x450.jpg 600w, https:\/\/ss-viktorovac.hr\/wp-content\/uploads\/2025\/11\/WhatsApp-Slika-2025-11-18-u-18.10.03_b4e61910-696x522.jpg 696w, https:\/\/ss-viktorovac.hr\/wp-content\/uploads\/2025\/11\/WhatsApp-Slika-2025-11-18-u-18.10.03_b4e61910-1392x1044.jpg 1392w, https:\/\/ss-viktorovac.hr\/wp-content\/uploads\/2025\/11\/WhatsApp-Slika-2025-11-18-u-18.10.03_b4e61910-1068x801.jpg 1068w, https:\/\/ss-viktorovac.hr\/wp-content\/uploads\/2025\/11\/WhatsApp-Slika-2025-11-18-u-18.10.03_b4e61910-1920x1440.jpg 1920w, https:\/\/ss-viktorovac.hr\/wp-content\/uploads\/2025\/11\/WhatsApp-Slika-2025-11-18-u-18.10.03_b4e61910-265x198.jpg 265w\" sizes=\"auto, (max-width: 2048px) 100vw, 2048px\" \/><\/p>\n<p><img loading=\"lazy\" decoding=\"async\" class=\"alignnone size-full wp-image-2091\" src=\"https:\/\/ss-viktorovac.hr\/wp-content\/uploads\/2025\/11\/WhatsApp-Slika-2025-11-18-u-18.10.05_4ea76d0a.jpg\" alt=\"\" width=\"2048\" height=\"1536\" srcset=\"https:\/\/ss-viktorovac.hr\/wp-content\/uploads\/2025\/11\/WhatsApp-Slika-2025-11-18-u-18.10.05_4ea76d0a.jpg 2048w, https:\/\/ss-viktorovac.hr\/wp-content\/uploads\/2025\/11\/WhatsApp-Slika-2025-11-18-u-18.10.05_4ea76d0a-300x225.jpg 300w, https:\/\/ss-viktorovac.hr\/wp-content\/uploads\/2025\/11\/WhatsApp-Slika-2025-11-18-u-18.10.05_4ea76d0a-1024x768.jpg 1024w, https:\/\/ss-viktorovac.hr\/wp-content\/uploads\/2025\/11\/WhatsApp-Slika-2025-11-18-u-18.10.05_4ea76d0a-768x576.jpg 768w, https:\/\/ss-viktorovac.hr\/wp-content\/uploads\/2025\/11\/WhatsApp-Slika-2025-11-18-u-18.10.05_4ea76d0a-1536x1152.jpg 1536w, https:\/\/ss-viktorovac.hr\/wp-content\/uploads\/2025\/11\/WhatsApp-Slika-2025-11-18-u-18.10.05_4ea76d0a-560x420.jpg 560w, https:\/\/ss-viktorovac.hr\/wp-content\/uploads\/2025\/11\/WhatsApp-Slika-2025-11-18-u-18.10.05_4ea76d0a-1120x840.jpg 1120w, https:\/\/ss-viktorovac.hr\/wp-content\/uploads\/2025\/11\/WhatsApp-Slika-2025-11-18-u-18.10.05_4ea76d0a-80x60.jpg 80w, https:\/\/ss-viktorovac.hr\/wp-content\/uploads\/2025\/11\/WhatsApp-Slika-2025-11-18-u-18.10.05_4ea76d0a-160x120.jpg 160w, https:\/\/ss-viktorovac.hr\/wp-content\/uploads\/2025\/11\/WhatsApp-Slika-2025-11-18-u-18.10.05_4ea76d0a-150x113.jpg 150w, https:\/\/ss-viktorovac.hr\/wp-content\/uploads\/2025\/11\/WhatsApp-Slika-2025-11-18-u-18.10.05_4ea76d0a-600x450.jpg 600w, https:\/\/ss-viktorovac.hr\/wp-content\/uploads\/2025\/11\/WhatsApp-Slika-2025-11-18-u-18.10.05_4ea76d0a-696x522.jpg 696w, https:\/\/ss-viktorovac.hr\/wp-content\/uploads\/2025\/11\/WhatsApp-Slika-2025-11-18-u-18.10.05_4ea76d0a-1392x1044.jpg 1392w, https:\/\/ss-viktorovac.hr\/wp-content\/uploads\/2025\/11\/WhatsApp-Slika-2025-11-18-u-18.10.05_4ea76d0a-1068x801.jpg 1068w, https:\/\/ss-viktorovac.hr\/wp-content\/uploads\/2025\/11\/WhatsApp-Slika-2025-11-18-u-18.10.05_4ea76d0a-1920x1440.jpg 1920w, https:\/\/ss-viktorovac.hr\/wp-content\/uploads\/2025\/11\/WhatsApp-Slika-2025-11-18-u-18.10.05_4ea76d0a-265x198.jpg 265w\" sizes=\"auto, (max-width: 2048px) 100vw, 2048px\" \/><\/p>\n<p><img loading=\"lazy\" decoding=\"async\" class=\"alignnone size-full wp-image-2092\" src=\"https:\/\/ss-viktorovac.hr\/wp-content\/uploads\/2025\/11\/WhatsApp-Slika-2025-11-18-u-18.10.05_f1468bd4.jpg\" alt=\"\" width=\"2048\" height=\"837\" srcset=\"https:\/\/ss-viktorovac.hr\/wp-content\/uploads\/2025\/11\/WhatsApp-Slika-2025-11-18-u-18.10.05_f1468bd4.jpg 2048w, https:\/\/ss-viktorovac.hr\/wp-content\/uploads\/2025\/11\/WhatsApp-Slika-2025-11-18-u-18.10.05_f1468bd4-300x123.jpg 300w, https:\/\/ss-viktorovac.hr\/wp-content\/uploads\/2025\/11\/WhatsApp-Slika-2025-11-18-u-18.10.05_f1468bd4-1024x419.jpg 1024w, https:\/\/ss-viktorovac.hr\/wp-content\/uploads\/2025\/11\/WhatsApp-Slika-2025-11-18-u-18.10.05_f1468bd4-768x314.jpg 768w, https:\/\/ss-viktorovac.hr\/wp-content\/uploads\/2025\/11\/WhatsApp-Slika-2025-11-18-u-18.10.05_f1468bd4-1536x628.jpg 1536w, https:\/\/ss-viktorovac.hr\/wp-content\/uploads\/2025\/11\/WhatsApp-Slika-2025-11-18-u-18.10.05_f1468bd4-1028x420.jpg 1028w, https:\/\/ss-viktorovac.hr\/wp-content\/uploads\/2025\/11\/WhatsApp-Slika-2025-11-18-u-18.10.05_f1468bd4-150x61.jpg 150w, https:\/\/ss-viktorovac.hr\/wp-content\/uploads\/2025\/11\/WhatsApp-Slika-2025-11-18-u-18.10.05_f1468bd4-600x245.jpg 600w, https:\/\/ss-viktorovac.hr\/wp-content\/uploads\/2025\/11\/WhatsApp-Slika-2025-11-18-u-18.10.05_f1468bd4-696x284.jpg 696w, https:\/\/ss-viktorovac.hr\/wp-content\/uploads\/2025\/11\/WhatsApp-Slika-2025-11-18-u-18.10.05_f1468bd4-1392x569.jpg 1392w, https:\/\/ss-viktorovac.hr\/wp-content\/uploads\/2025\/11\/WhatsApp-Slika-2025-11-18-u-18.10.05_f1468bd4-1068x436.jpg 1068w, https:\/\/ss-viktorovac.hr\/wp-content\/uploads\/2025\/11\/WhatsApp-Slika-2025-11-18-u-18.10.05_f1468bd4-1920x785.jpg 1920w\" sizes=\"auto, (max-width: 2048px) 100vw, 2048px\" \/><\/p>\n","protected":false},"excerpt":{"rendered":"<p>Korisnici i djelatnici U\u010deni\u010dkog doma Sisak obilje\u017eili su Dan sje\u0107anja na \u017ertve Domovinskog rata i Dan sje\u0107anja na \u017ertvu Vukovara i \u0160kabrnje. Prije samog paljenja lampiona odgajatelj Vuja odr\u017eao je prigodni govor. U ti\u0161ini, ispred zgrade Doma okupili smo se kako bismo odali po\u010dast svim \u017ertvama Domovinskog rata. Crveni plamenovi lampiona\u00a0 simboli\u010dno su osvijetlili no\u0107 [&hellip;]<\/p>\n","protected":false},"author":12,"featured_media":2093,"comment_status":"open","ping_status":"open","sticky":false,"template":"","format":"standard","meta":{"footnotes":""},"categories":[60,64],"tags":[],"class_list":{"0":"post-2087","1":"post","2":"type-post","3":"status-publish","4":"format-standard","5":"has-post-thumbnail","7":"category-naslovnica","8":"category-ucenicki-dom"},"yoast_head":"<!-- This site is optimized with the Yoast SEO plugin v27.5 - https:\/\/yoast.com\/product\/yoast-seo-wordpress\/ -->\n<title>Dan sje\u0107anja na \u017ertve Domovinskog rata i Dan sje\u0107anja na \u017ertvu Vukovara i \u0160kabrnje - Srednja \u0161kola Viktorovac<\/title>\n<meta name=\"robots\" content=\"index, follow, max-snippet:-1, max-image-preview:large, max-video-preview:-1\" \/>\n<link rel=\"canonical\" href=\"https:\/\/ss-viktorovac.hr\/index.php\/2025\/11\/19\/dan-sjecanja-na-zrtve-domovinskog-rata-i-dan-sjecanja-na-zrtvu-vukovara-i-skabrnje\/\" \/>\n<meta property=\"og:locale\" content=\"hr_HR\" \/>\n<meta property=\"og:type\" content=\"article\" \/>\n<meta property=\"og:title\" content=\"Dan sje\u0107anja na \u017ertve Domovinskog rata i Dan sje\u0107anja na \u017ertvu Vukovara i \u0160kabrnje - Srednja \u0161kola Viktorovac\" \/>\n<meta property=\"og:description\" content=\"Korisnici i djelatnici U\u010deni\u010dkog doma Sisak obilje\u017eili su Dan sje\u0107anja na \u017ertve Domovinskog rata i Dan sje\u0107anja na \u017ertvu Vukovara i \u0160kabrnje. Prije samog paljenja lampiona odgajatelj Vuja odr\u017eao je prigodni govor. U ti\u0161ini, ispred zgrade Doma okupili smo se kako bismo odali po\u010dast svim \u017ertvama Domovinskog rata. Crveni plamenovi lampiona\u00a0 simboli\u010dno su osvijetlili no\u0107 [&hellip;]\" \/>\n<meta property=\"og:url\" content=\"https:\/\/ss-viktorovac.hr\/index.php\/2025\/11\/19\/dan-sjecanja-na-zrtve-domovinskog-rata-i-dan-sjecanja-na-zrtvu-vukovara-i-skabrnje\/\" \/>\n<meta property=\"og:site_name\" content=\"Srednja \u0161kola Viktorovac\" \/>\n<meta property=\"article:published_time\" content=\"2025-11-19T16:39:47+00:00\" \/>\n<meta property=\"og:image\" content=\"https:\/\/ss-viktorovac.hr\/wp-content\/uploads\/2025\/11\/WhatsApp-Slika-2025-11-18-u-18.10.05_edd1d475.jpg\" \/>\n\t<meta property=\"og:image:width\" content=\"2048\" \/>\n\t<meta property=\"og:image:height\" content=\"1536\" \/>\n\t<meta property=\"og:image:type\" content=\"image\/jpeg\" \/>\n<meta name=\"author\" content=\"Petra \u0160pi\u0161i\u0107\" \/>\n<meta name=\"twitter:card\" content=\"summary_large_image\" \/>\n<meta name=\"twitter:label1\" content=\"Napisao\/la\" \/>\n\t<meta name=\"twitter:data1\" content=\"Petra \u0160pi\u0161i\u0107\" \/>\n\t<meta name=\"twitter:label2\" content=\"Procijenjeno vrijeme \u010ditanja\" \/>\n\t<meta name=\"twitter:data2\" content=\"2 minute\" \/>\n<script type=\"application\/ld+json\" class=\"yoast-schema-graph\">{\"@context\":\"https:\\\/\\\/schema.org\",\"@graph\":[{\"@type\":\"Article\",\"@id\":\"https:\\\/\\\/ss-viktorovac.hr\\\/index.php\\\/2025\\\/11\\\/19\\\/dan-sjecanja-na-zrtve-domovinskog-rata-i-dan-sjecanja-na-zrtvu-vukovara-i-skabrnje\\\/#article\",\"isPartOf\":{\"@id\":\"https:\\\/\\\/ss-viktorovac.hr\\\/index.php\\\/2025\\\/11\\\/19\\\/dan-sjecanja-na-zrtve-domovinskog-rata-i-dan-sjecanja-na-zrtvu-vukovara-i-skabrnje\\\/\"},\"author\":{\"name\":\"Petra \u0160pi\u0161i\u0107\",\"@id\":\"https:\\\/\\\/ss-viktorovac.hr\\\/#\\\/schema\\\/person\\\/a85db224641e74ecedaf6d153295217e\"},\"headline\":\"Dan sje\u0107anja na \u017ertve Domovinskog rata i Dan sje\u0107anja na \u017ertvu Vukovara i \u0160kabrnje\",\"datePublished\":\"2025-11-19T16:39:47+00:00\",\"mainEntityOfPage\":{\"@id\":\"https:\\\/\\\/ss-viktorovac.hr\\\/index.php\\\/2025\\\/11\\\/19\\\/dan-sjecanja-na-zrtve-domovinskog-rata-i-dan-sjecanja-na-zrtvu-vukovara-i-skabrnje\\\/\"},\"wordCount\":141,\"commentCount\":0,\"image\":{\"@id\":\"https:\\\/\\\/ss-viktorovac.hr\\\/index.php\\\/2025\\\/11\\\/19\\\/dan-sjecanja-na-zrtve-domovinskog-rata-i-dan-sjecanja-na-zrtvu-vukovara-i-skabrnje\\\/#primaryimage\"},\"thumbnailUrl\":\"https:\\\/\\\/ss-viktorovac.hr\\\/wp-content\\\/uploads\\\/2025\\\/11\\\/WhatsApp-Slika-2025-11-18-u-18.10.05_edd1d475.jpg\",\"articleSection\":[\"NASLOVNICA\",\"U\u010cENI\u010cKI DOM\"],\"inLanguage\":\"hr\",\"potentialAction\":[{\"@type\":\"CommentAction\",\"name\":\"Comment\",\"target\":[\"https:\\\/\\\/ss-viktorovac.hr\\\/index.php\\\/2025\\\/11\\\/19\\\/dan-sjecanja-na-zrtve-domovinskog-rata-i-dan-sjecanja-na-zrtvu-vukovara-i-skabrnje\\\/#respond\"]}]},{\"@type\":\"WebPage\",\"@id\":\"https:\\\/\\\/ss-viktorovac.hr\\\/index.php\\\/2025\\\/11\\\/19\\\/dan-sjecanja-na-zrtve-domovinskog-rata-i-dan-sjecanja-na-zrtvu-vukovara-i-skabrnje\\\/\",\"url\":\"https:\\\/\\\/ss-viktorovac.hr\\\/index.php\\\/2025\\\/11\\\/19\\\/dan-sjecanja-na-zrtve-domovinskog-rata-i-dan-sjecanja-na-zrtvu-vukovara-i-skabrnje\\\/\",\"name\":\"Dan sje\u0107anja na \u017ertve Domovinskog rata i Dan sje\u0107anja na \u017ertvu Vukovara i \u0160kabrnje - Srednja \u0161kola Viktorovac\",\"isPartOf\":{\"@id\":\"https:\\\/\\\/ss-viktorovac.hr\\\/#website\"},\"primaryImageOfPage\":{\"@id\":\"https:\\\/\\\/ss-viktorovac.hr\\\/index.php\\\/2025\\\/11\\\/19\\\/dan-sjecanja-na-zrtve-domovinskog-rata-i-dan-sjecanja-na-zrtvu-vukovara-i-skabrnje\\\/#primaryimage\"},\"image\":{\"@id\":\"https:\\\/\\\/ss-viktorovac.hr\\\/index.php\\\/2025\\\/11\\\/19\\\/dan-sjecanja-na-zrtve-domovinskog-rata-i-dan-sjecanja-na-zrtvu-vukovara-i-skabrnje\\\/#primaryimage\"},\"thumbnailUrl\":\"https:\\\/\\\/ss-viktorovac.hr\\\/wp-content\\\/uploads\\\/2025\\\/11\\\/WhatsApp-Slika-2025-11-18-u-18.10.05_edd1d475.jpg\",\"datePublished\":\"2025-11-19T16:39:47+00:00\",\"author\":{\"@id\":\"https:\\\/\\\/ss-viktorovac.hr\\\/#\\\/schema\\\/person\\\/a85db224641e74ecedaf6d153295217e\"},\"breadcrumb\":{\"@id\":\"https:\\\/\\\/ss-viktorovac.hr\\\/index.php\\\/2025\\\/11\\\/19\\\/dan-sjecanja-na-zrtve-domovinskog-rata-i-dan-sjecanja-na-zrtvu-vukovara-i-skabrnje\\\/#breadcrumb\"},\"inLanguage\":\"hr\",\"potentialAction\":[{\"@type\":\"ReadAction\",\"target\":[\"https:\\\/\\\/ss-viktorovac.hr\\\/index.php\\\/2025\\\/11\\\/19\\\/dan-sjecanja-na-zrtve-domovinskog-rata-i-dan-sjecanja-na-zrtvu-vukovara-i-skabrnje\\\/\"]}]},{\"@type\":\"ImageObject\",\"inLanguage\":\"hr\",\"@id\":\"https:\\\/\\\/ss-viktorovac.hr\\\/index.php\\\/2025\\\/11\\\/19\\\/dan-sjecanja-na-zrtve-domovinskog-rata-i-dan-sjecanja-na-zrtvu-vukovara-i-skabrnje\\\/#primaryimage\",\"url\":\"https:\\\/\\\/ss-viktorovac.hr\\\/wp-content\\\/uploads\\\/2025\\\/11\\\/WhatsApp-Slika-2025-11-18-u-18.10.05_edd1d475.jpg\",\"contentUrl\":\"https:\\\/\\\/ss-viktorovac.hr\\\/wp-content\\\/uploads\\\/2025\\\/11\\\/WhatsApp-Slika-2025-11-18-u-18.10.05_edd1d475.jpg\",\"width\":2048,\"height\":1536},{\"@type\":\"BreadcrumbList\",\"@id\":\"https:\\\/\\\/ss-viktorovac.hr\\\/index.php\\\/2025\\\/11\\\/19\\\/dan-sjecanja-na-zrtve-domovinskog-rata-i-dan-sjecanja-na-zrtvu-vukovara-i-skabrnje\\\/#breadcrumb\",\"itemListElement\":[{\"@type\":\"ListItem\",\"position\":1,\"name\":\"Po\u010detna stranica\",\"item\":\"https:\\\/\\\/ss-viktorovac.hr\\\/\"},{\"@type\":\"ListItem\",\"position\":2,\"name\":\"Dan sje\u0107anja na \u017ertve Domovinskog rata i Dan sje\u0107anja na \u017ertvu Vukovara i \u0160kabrnje\"}]},{\"@type\":\"WebSite\",\"@id\":\"https:\\\/\\\/ss-viktorovac.hr\\\/#website\",\"url\":\"https:\\\/\\\/ss-viktorovac.hr\\\/\",\"name\":\"Srednja \u0161kola Viktorovac\",\"description\":\"\",\"potentialAction\":[{\"@type\":\"SearchAction\",\"target\":{\"@type\":\"EntryPoint\",\"urlTemplate\":\"https:\\\/\\\/ss-viktorovac.hr\\\/?s={search_term_string}\"},\"query-input\":{\"@type\":\"PropertyValueSpecification\",\"valueRequired\":true,\"valueName\":\"search_term_string\"}}],\"inLanguage\":\"hr\"},{\"@type\":\"Person\",\"@id\":\"https:\\\/\\\/ss-viktorovac.hr\\\/#\\\/schema\\\/person\\\/a85db224641e74ecedaf6d153295217e\",\"name\":\"Petra \u0160pi\u0161i\u0107\",\"image\":{\"@type\":\"ImageObject\",\"inLanguage\":\"hr\",\"@id\":\"https:\\\/\\\/secure.gravatar.com\\\/avatar\\\/13e02e237911ab7509205b21ecc1342be5bf4a55ea6d21f436878676d8f66679?s=96&d=mm&r=g\",\"url\":\"https:\\\/\\\/secure.gravatar.com\\\/avatar\\\/13e02e237911ab7509205b21ecc1342be5bf4a55ea6d21f436878676d8f66679?s=96&d=mm&r=g\",\"contentUrl\":\"https:\\\/\\\/secure.gravatar.com\\\/avatar\\\/13e02e237911ab7509205b21ecc1342be5bf4a55ea6d21f436878676d8f66679?s=96&d=mm&r=g\",\"caption\":\"Petra \u0160pi\u0161i\u0107\"},\"url\":\"https:\\\/\\\/ss-viktorovac.hr\\\/index.php\\\/author\\\/petra-spisic\\\/\"}]}<\/script>\n<!-- \/ Yoast SEO plugin. -->","yoast_head_json":{"title":"Dan sje\u0107anja na \u017ertve Domovinskog rata i Dan sje\u0107anja na \u017ertvu Vukovara i \u0160kabrnje - Srednja \u0161kola Viktorovac","robots":{"index":"index","follow":"follow","max-snippet":"max-snippet:-1","max-image-preview":"max-image-preview:large","max-video-preview":"max-video-preview:-1"},"canonical":"https:\/\/ss-viktorovac.hr\/index.php\/2025\/11\/19\/dan-sjecanja-na-zrtve-domovinskog-rata-i-dan-sjecanja-na-zrtvu-vukovara-i-skabrnje\/","og_locale":"hr_HR","og_type":"article","og_title":"Dan sje\u0107anja na \u017ertve Domovinskog rata i Dan sje\u0107anja na \u017ertvu Vukovara i \u0160kabrnje - Srednja \u0161kola Viktorovac","og_description":"Korisnici i djelatnici U\u010deni\u010dkog doma Sisak obilje\u017eili su Dan sje\u0107anja na \u017ertve Domovinskog rata i Dan sje\u0107anja na \u017ertvu Vukovara i \u0160kabrnje. Prije samog paljenja lampiona odgajatelj Vuja odr\u017eao je prigodni govor. U ti\u0161ini, ispred zgrade Doma okupili smo se kako bismo odali po\u010dast svim \u017ertvama Domovinskog rata. Crveni plamenovi lampiona\u00a0 simboli\u010dno su osvijetlili no\u0107 [&hellip;]","og_url":"https:\/\/ss-viktorovac.hr\/index.php\/2025\/11\/19\/dan-sjecanja-na-zrtve-domovinskog-rata-i-dan-sjecanja-na-zrtvu-vukovara-i-skabrnje\/","og_site_name":"Srednja \u0161kola Viktorovac","article_published_time":"2025-11-19T16:39:47+00:00","og_image":[{"width":2048,"height":1536,"url":"https:\/\/ss-viktorovac.hr\/wp-content\/uploads\/2025\/11\/WhatsApp-Slika-2025-11-18-u-18.10.05_edd1d475.jpg","type":"image\/jpeg"}],"author":"Petra \u0160pi\u0161i\u0107","twitter_card":"summary_large_image","twitter_misc":{"Napisao\/la":"Petra \u0160pi\u0161i\u0107","Procijenjeno vrijeme \u010ditanja":"2 minute"},"schema":{"@context":"https:\/\/schema.org","@graph":[{"@type":"Article","@id":"https:\/\/ss-viktorovac.hr\/index.php\/2025\/11\/19\/dan-sjecanja-na-zrtve-domovinskog-rata-i-dan-sjecanja-na-zrtvu-vukovara-i-skabrnje\/#article","isPartOf":{"@id":"https:\/\/ss-viktorovac.hr\/index.php\/2025\/11\/19\/dan-sjecanja-na-zrtve-domovinskog-rata-i-dan-sjecanja-na-zrtvu-vukovara-i-skabrnje\/"},"author":{"name":"Petra \u0160pi\u0161i\u0107","@id":"https:\/\/ss-viktorovac.hr\/#\/schema\/person\/a85db224641e74ecedaf6d153295217e"},"headline":"Dan sje\u0107anja na \u017ertve Domovinskog rata i Dan sje\u0107anja na \u017ertvu Vukovara i \u0160kabrnje","datePublished":"2025-11-19T16:39:47+00:00","mainEntityOfPage":{"@id":"https:\/\/ss-viktorovac.hr\/index.php\/2025\/11\/19\/dan-sjecanja-na-zrtve-domovinskog-rata-i-dan-sjecanja-na-zrtvu-vukovara-i-skabrnje\/"},"wordCount":141,"commentCount":0,"image":{"@id":"https:\/\/ss-viktorovac.hr\/index.php\/2025\/11\/19\/dan-sjecanja-na-zrtve-domovinskog-rata-i-dan-sjecanja-na-zrtvu-vukovara-i-skabrnje\/#primaryimage"},"thumbnailUrl":"https:\/\/ss-viktorovac.hr\/wp-content\/uploads\/2025\/11\/WhatsApp-Slika-2025-11-18-u-18.10.05_edd1d475.jpg","articleSection":["NASLOVNICA","U\u010cENI\u010cKI DOM"],"inLanguage":"hr","potentialAction":[{"@type":"CommentAction","name":"Comment","target":["https:\/\/ss-viktorovac.hr\/index.php\/2025\/11\/19\/dan-sjecanja-na-zrtve-domovinskog-rata-i-dan-sjecanja-na-zrtvu-vukovara-i-skabrnje\/#respond"]}]},{"@type":"WebPage","@id":"https:\/\/ss-viktorovac.hr\/index.php\/2025\/11\/19\/dan-sjecanja-na-zrtve-domovinskog-rata-i-dan-sjecanja-na-zrtvu-vukovara-i-skabrnje\/","url":"https:\/\/ss-viktorovac.hr\/index.php\/2025\/11\/19\/dan-sjecanja-na-zrtve-domovinskog-rata-i-dan-sjecanja-na-zrtvu-vukovara-i-skabrnje\/","name":"Dan sje\u0107anja na \u017ertve Domovinskog rata i Dan sje\u0107anja na \u017ertvu Vukovara i \u0160kabrnje - Srednja \u0161kola Viktorovac","isPartOf":{"@id":"https:\/\/ss-viktorovac.hr\/#website"},"primaryImageOfPage":{"@id":"https:\/\/ss-viktorovac.hr\/index.php\/2025\/11\/19\/dan-sjecanja-na-zrtve-domovinskog-rata-i-dan-sjecanja-na-zrtvu-vukovara-i-skabrnje\/#primaryimage"},"image":{"@id":"https:\/\/ss-viktorovac.hr\/index.php\/2025\/11\/19\/dan-sjecanja-na-zrtve-domovinskog-rata-i-dan-sjecanja-na-zrtvu-vukovara-i-skabrnje\/#primaryimage"},"thumbnailUrl":"https:\/\/ss-viktorovac.hr\/wp-content\/uploads\/2025\/11\/WhatsApp-Slika-2025-11-18-u-18.10.05_edd1d475.jpg","datePublished":"2025-11-19T16:39:47+00:00","author":{"@id":"https:\/\/ss-viktorovac.hr\/#\/schema\/person\/a85db224641e74ecedaf6d153295217e"},"breadcrumb":{"@id":"https:\/\/ss-viktorovac.hr\/index.php\/2025\/11\/19\/dan-sjecanja-na-zrtve-domovinskog-rata-i-dan-sjecanja-na-zrtvu-vukovara-i-skabrnje\/#breadcrumb"},"inLanguage":"hr","potentialAction":[{"@type":"ReadAction","target":["https:\/\/ss-viktorovac.hr\/index.php\/2025\/11\/19\/dan-sjecanja-na-zrtve-domovinskog-rata-i-dan-sjecanja-na-zrtvu-vukovara-i-skabrnje\/"]}]},{"@type":"ImageObject","inLanguage":"hr","@id":"https:\/\/ss-viktorovac.hr\/index.php\/2025\/11\/19\/dan-sjecanja-na-zrtve-domovinskog-rata-i-dan-sjecanja-na-zrtvu-vukovara-i-skabrnje\/#primaryimage","url":"https:\/\/ss-viktorovac.hr\/wp-content\/uploads\/2025\/11\/WhatsApp-Slika-2025-11-18-u-18.10.05_edd1d475.jpg","contentUrl":"https:\/\/ss-viktorovac.hr\/wp-content\/uploads\/2025\/11\/WhatsApp-Slika-2025-11-18-u-18.10.05_edd1d475.jpg","width":2048,"height":1536},{"@type":"BreadcrumbList","@id":"https:\/\/ss-viktorovac.hr\/index.php\/2025\/11\/19\/dan-sjecanja-na-zrtve-domovinskog-rata-i-dan-sjecanja-na-zrtvu-vukovara-i-skabrnje\/#breadcrumb","itemListElement":[{"@type":"ListItem","position":1,"name":"Po\u010detna stranica","item":"https:\/\/ss-viktorovac.hr\/"},{"@type":"ListItem","position":2,"name":"Dan sje\u0107anja na \u017ertve Domovinskog rata i Dan sje\u0107anja na \u017ertvu Vukovara i \u0160kabrnje"}]},{"@type":"WebSite","@id":"https:\/\/ss-viktorovac.hr\/#website","url":"https:\/\/ss-viktorovac.hr\/","name":"Srednja \u0161kola Viktorovac","description":"","potentialAction":[{"@type":"SearchAction","target":{"@type":"EntryPoint","urlTemplate":"https:\/\/ss-viktorovac.hr\/?s={search_term_string}"},"query-input":{"@type":"PropertyValueSpecification","valueRequired":true,"valueName":"search_term_string"}}],"inLanguage":"hr"},{"@type":"Person","@id":"https:\/\/ss-viktorovac.hr\/#\/schema\/person\/a85db224641e74ecedaf6d153295217e","name":"Petra \u0160pi\u0161i\u0107","image":{"@type":"ImageObject","inLanguage":"hr","@id":"https:\/\/secure.gravatar.com\/avatar\/13e02e237911ab7509205b21ecc1342be5bf4a55ea6d21f436878676d8f66679?s=96&d=mm&r=g","url":"https:\/\/secure.gravatar.com\/avatar\/13e02e237911ab7509205b21ecc1342be5bf4a55ea6d21f436878676d8f66679?s=96&d=mm&r=g","contentUrl":"https:\/\/secure.gravatar.com\/avatar\/13e02e237911ab7509205b21ecc1342be5bf4a55ea6d21f436878676d8f66679?s=96&d=mm&r=g","caption":"Petra \u0160pi\u0161i\u0107"},"url":"https:\/\/ss-viktorovac.hr\/index.php\/author\/petra-spisic\/"}]}},"_links":{"self":[{"href":"https:\/\/ss-viktorovac.hr\/index.php\/wp-json\/wp\/v2\/posts\/2087","targetHints":{"allow":["GET"]}}],"collection":[{"href":"https:\/\/ss-viktorovac.hr\/index.php\/wp-json\/wp\/v2\/posts"}],"about":[{"href":"https:\/\/ss-viktorovac.hr\/index.php\/wp-json\/wp\/v2\/types\/post"}],"author":[{"embeddable":true,"href":"https:\/\/ss-viktorovac.hr\/index.php\/wp-json\/wp\/v2\/users\/12"}],"replies":[{"embeddable":true,"href":"https:\/\/ss-viktorovac.hr\/index.php\/wp-json\/wp\/v2\/comments?post=2087"}],"version-history":[{"count":1,"href":"https:\/\/ss-viktorovac.hr\/index.php\/wp-json\/wp\/v2\/posts\/2087\/revisions"}],"predecessor-version":[{"id":2094,"href":"https:\/\/ss-viktorovac.hr\/index.php\/wp-json\/wp\/v2\/posts\/2087\/revisions\/2094"}],"wp:featuredmedia":[{"embeddable":true,"href":"https:\/\/ss-viktorovac.hr\/index.php\/wp-json\/wp\/v2\/media\/2093"}],"wp:attachment":[{"href":"https:\/\/ss-viktorovac.hr\/index.php\/wp-json\/wp\/v2\/media?parent=2087"}],"wp:term":[{"taxonomy":"category","embeddable":true,"href":"https:\/\/ss-viktorovac.hr\/index.php\/wp-json\/wp\/v2\/categories?post=2087"},{"taxonomy":"post_tag","embeddable":true,"href":"https:\/\/ss-viktorovac.hr\/index.php\/wp-json\/wp\/v2\/tags?post=2087"}],"curies":[{"name":"wp","href":"https:\/\/api.w.org\/{rel}","templated":true}]}}