{"id":2173,"date":"2025-11-26T21:56:55","date_gmt":"2025-11-26T20:56:55","guid":{"rendered":"https:\/\/ss-viktorovac.hr\/?p=2173"},"modified":"2025-11-26T21:57:06","modified_gmt":"2025-11-26T20:57:06","slug":"dani-strukovnih-nastavnika-u-sibeniku","status":"publish","type":"post","link":"https:\/\/ss-viktorovac.hr\/index.php\/2025\/11\/26\/dani-strukovnih-nastavnika-u-sibeniku\/","title":{"rendered":"Dani strukovnih nastavnika u \u0160ibeniku"},"content":{"rendered":"<p>Na Danima strukovnih nastavnika odr\u017eanih u \u0160ibeniku od 24.11. do 26.11.2025. sudjelovalo je i troje na\u0161ih nastavnika: \u017deljka Markota, Svijetlana Hernaut i Sa\u0161a Cvetkovi\u0107. Tema je bila modularna nastava.<\/p>\n<p><img loading=\"lazy\" decoding=\"async\" class=\"alignnone size-full wp-image-2175\" src=\"https:\/\/ss-viktorovac.hr\/wp-content\/uploads\/2025\/11\/WhatsApp-Slika-2025-11-26-u-16.38.02_61673c60.jpg\" alt=\"\" width=\"1200\" height=\"1600\" srcset=\"https:\/\/ss-viktorovac.hr\/wp-content\/uploads\/2025\/11\/WhatsApp-Slika-2025-11-26-u-16.38.02_61673c60.jpg 1200w, https:\/\/ss-viktorovac.hr\/wp-content\/uploads\/2025\/11\/WhatsApp-Slika-2025-11-26-u-16.38.02_61673c60-225x300.jpg 225w, https:\/\/ss-viktorovac.hr\/wp-content\/uploads\/2025\/11\/WhatsApp-Slika-2025-11-26-u-16.38.02_61673c60-768x1024.jpg 768w, https:\/\/ss-viktorovac.hr\/wp-content\/uploads\/2025\/11\/WhatsApp-Slika-2025-11-26-u-16.38.02_61673c60-1152x1536.jpg 1152w, https:\/\/ss-viktorovac.hr\/wp-content\/uploads\/2025\/11\/WhatsApp-Slika-2025-11-26-u-16.38.02_61673c60-315x420.jpg 315w, https:\/\/ss-viktorovac.hr\/wp-content\/uploads\/2025\/11\/WhatsApp-Slika-2025-11-26-u-16.38.02_61673c60-630x840.jpg 630w, https:\/\/ss-viktorovac.hr\/wp-content\/uploads\/2025\/11\/WhatsApp-Slika-2025-11-26-u-16.38.02_61673c60-150x200.jpg 150w, https:\/\/ss-viktorovac.hr\/wp-content\/uploads\/2025\/11\/WhatsApp-Slika-2025-11-26-u-16.38.02_61673c60-300x400.jpg 300w, https:\/\/ss-viktorovac.hr\/wp-content\/uploads\/2025\/11\/WhatsApp-Slika-2025-11-26-u-16.38.02_61673c60-600x800.jpg 600w, https:\/\/ss-viktorovac.hr\/wp-content\/uploads\/2025\/11\/WhatsApp-Slika-2025-11-26-u-16.38.02_61673c60-696x928.jpg 696w, https:\/\/ss-viktorovac.hr\/wp-content\/uploads\/2025\/11\/WhatsApp-Slika-2025-11-26-u-16.38.02_61673c60-1068x1424.jpg 1068w\" sizes=\"auto, (max-width: 1200px) 100vw, 1200px\" \/> <img loading=\"lazy\" decoding=\"async\" class=\"alignnone size-full wp-image-2174\" src=\"https:\/\/ss-viktorovac.hr\/wp-content\/uploads\/2025\/11\/WhatsApp-Slika-2025-11-26-u-16.38.02_0c887504.jpg\" alt=\"\" width=\"1200\" height=\"1600\" srcset=\"https:\/\/ss-viktorovac.hr\/wp-content\/uploads\/2025\/11\/WhatsApp-Slika-2025-11-26-u-16.38.02_0c887504.jpg 1200w, https:\/\/ss-viktorovac.hr\/wp-content\/uploads\/2025\/11\/WhatsApp-Slika-2025-11-26-u-16.38.02_0c887504-225x300.jpg 225w, https:\/\/ss-viktorovac.hr\/wp-content\/uploads\/2025\/11\/WhatsApp-Slika-2025-11-26-u-16.38.02_0c887504-768x1024.jpg 768w, https:\/\/ss-viktorovac.hr\/wp-content\/uploads\/2025\/11\/WhatsApp-Slika-2025-11-26-u-16.38.02_0c887504-1152x1536.jpg 1152w, https:\/\/ss-viktorovac.hr\/wp-content\/uploads\/2025\/11\/WhatsApp-Slika-2025-11-26-u-16.38.02_0c887504-315x420.jpg 315w, https:\/\/ss-viktorovac.hr\/wp-content\/uploads\/2025\/11\/WhatsApp-Slika-2025-11-26-u-16.38.02_0c887504-630x840.jpg 630w, https:\/\/ss-viktorovac.hr\/wp-content\/uploads\/2025\/11\/WhatsApp-Slika-2025-11-26-u-16.38.02_0c887504-150x200.jpg 150w, https:\/\/ss-viktorovac.hr\/wp-content\/uploads\/2025\/11\/WhatsApp-Slika-2025-11-26-u-16.38.02_0c887504-300x400.jpg 300w, https:\/\/ss-viktorovac.hr\/wp-content\/uploads\/2025\/11\/WhatsApp-Slika-2025-11-26-u-16.38.02_0c887504-600x800.jpg 600w, https:\/\/ss-viktorovac.hr\/wp-content\/uploads\/2025\/11\/WhatsApp-Slika-2025-11-26-u-16.38.02_0c887504-696x928.jpg 696w, https:\/\/ss-viktorovac.hr\/wp-content\/uploads\/2025\/11\/WhatsApp-Slika-2025-11-26-u-16.38.02_0c887504-1068x1424.jpg 1068w\" sizes=\"auto, (max-width: 1200px) 100vw, 1200px\" \/><\/p>\n","protected":false},"excerpt":{"rendered":"<p>Na Danima strukovnih nastavnika odr\u017eanih u \u0160ibeniku od 24.11. do 26.11.2025. sudjelovalo je i troje na\u0161ih nastavnika: \u017deljka Markota, Svijetlana Hernaut i Sa\u0161a Cvetkovi\u0107. Tema je bila modularna nastava.<\/p>\n","protected":false},"author":3,"featured_media":2175,"comment_status":"open","ping_status":"open","sticky":false,"template":"","format":"standard","meta":{"footnotes":""},"categories":[60,1],"tags":[],"class_list":{"0":"post-2173","1":"post","2":"type-post","3":"status-publish","4":"format-standard","5":"has-post-thumbnail","7":"category-naslovnica","8":"category-nekategorizirano"},"yoast_head":"<!-- This site is optimized with the Yoast SEO plugin v27.5 - https:\/\/yoast.com\/product\/yoast-seo-wordpress\/ -->\n<title>Dani strukovnih nastavnika u \u0160ibeniku - Srednja \u0161kola Viktorovac<\/title>\n<meta name=\"robots\" content=\"index, follow, max-snippet:-1, max-image-preview:large, max-video-preview:-1\" \/>\n<link rel=\"canonical\" href=\"https:\/\/ss-viktorovac.hr\/index.php\/2025\/11\/26\/dani-strukovnih-nastavnika-u-sibeniku\/\" \/>\n<meta property=\"og:locale\" content=\"hr_HR\" \/>\n<meta property=\"og:type\" content=\"article\" \/>\n<meta property=\"og:title\" content=\"Dani strukovnih nastavnika u \u0160ibeniku - Srednja \u0161kola Viktorovac\" \/>\n<meta property=\"og:description\" content=\"Na Danima strukovnih nastavnika odr\u017eanih u \u0160ibeniku od 24.11. do 26.11.2025. sudjelovalo je i troje na\u0161ih nastavnika: \u017deljka Markota, Svijetlana Hernaut i Sa\u0161a Cvetkovi\u0107. Tema je bila modularna nastava.\" \/>\n<meta property=\"og:url\" content=\"https:\/\/ss-viktorovac.hr\/index.php\/2025\/11\/26\/dani-strukovnih-nastavnika-u-sibeniku\/\" \/>\n<meta property=\"og:site_name\" content=\"Srednja \u0161kola Viktorovac\" \/>\n<meta property=\"article:published_time\" content=\"2025-11-26T20:56:55+00:00\" \/>\n<meta property=\"article:modified_time\" content=\"2025-11-26T20:57:06+00:00\" \/>\n<meta property=\"og:image\" content=\"https:\/\/ss-viktorovac.hr\/wp-content\/uploads\/2025\/11\/WhatsApp-Slika-2025-11-26-u-16.38.02_61673c60.jpg\" \/>\n\t<meta property=\"og:image:width\" content=\"1200\" \/>\n\t<meta property=\"og:image:height\" content=\"1600\" \/>\n\t<meta property=\"og:image:type\" content=\"image\/jpeg\" \/>\n<meta name=\"author\" content=\"Mia Bjeki\u0107\" \/>\n<meta name=\"twitter:card\" content=\"summary_large_image\" \/>\n<meta name=\"twitter:label1\" content=\"Napisao\/la\" \/>\n\t<meta name=\"twitter:data1\" content=\"Mia Bjeki\u0107\" \/>\n\t<meta name=\"twitter:label2\" content=\"Procijenjeno vrijeme \u010ditanja\" \/>\n\t<meta name=\"twitter:data2\" content=\"1 minuta\" \/>\n<script type=\"application\/ld+json\" class=\"yoast-schema-graph\">{\"@context\":\"https:\\\/\\\/schema.org\",\"@graph\":[{\"@type\":\"Article\",\"@id\":\"https:\\\/\\\/ss-viktorovac.hr\\\/index.php\\\/2025\\\/11\\\/26\\\/dani-strukovnih-nastavnika-u-sibeniku\\\/#article\",\"isPartOf\":{\"@id\":\"https:\\\/\\\/ss-viktorovac.hr\\\/index.php\\\/2025\\\/11\\\/26\\\/dani-strukovnih-nastavnika-u-sibeniku\\\/\"},\"author\":{\"name\":\"Mia Bjeki\u0107\",\"@id\":\"https:\\\/\\\/ss-viktorovac.hr\\\/#\\\/schema\\\/person\\\/3ccc2672a53cc614a089a62edb499feb\"},\"headline\":\"Dani strukovnih nastavnika u \u0160ibeniku\",\"datePublished\":\"2025-11-26T20:56:55+00:00\",\"dateModified\":\"2025-11-26T20:57:06+00:00\",\"mainEntityOfPage\":{\"@id\":\"https:\\\/\\\/ss-viktorovac.hr\\\/index.php\\\/2025\\\/11\\\/26\\\/dani-strukovnih-nastavnika-u-sibeniku\\\/\"},\"wordCount\":35,\"commentCount\":0,\"image\":{\"@id\":\"https:\\\/\\\/ss-viktorovac.hr\\\/index.php\\\/2025\\\/11\\\/26\\\/dani-strukovnih-nastavnika-u-sibeniku\\\/#primaryimage\"},\"thumbnailUrl\":\"https:\\\/\\\/ss-viktorovac.hr\\\/wp-content\\\/uploads\\\/2025\\\/11\\\/WhatsApp-Slika-2025-11-26-u-16.38.02_61673c60.jpg\",\"articleSection\":[\"NASLOVNICA\"],\"inLanguage\":\"hr\",\"potentialAction\":[{\"@type\":\"CommentAction\",\"name\":\"Comment\",\"target\":[\"https:\\\/\\\/ss-viktorovac.hr\\\/index.php\\\/2025\\\/11\\\/26\\\/dani-strukovnih-nastavnika-u-sibeniku\\\/#respond\"]}]},{\"@type\":\"WebPage\",\"@id\":\"https:\\\/\\\/ss-viktorovac.hr\\\/index.php\\\/2025\\\/11\\\/26\\\/dani-strukovnih-nastavnika-u-sibeniku\\\/\",\"url\":\"https:\\\/\\\/ss-viktorovac.hr\\\/index.php\\\/2025\\\/11\\\/26\\\/dani-strukovnih-nastavnika-u-sibeniku\\\/\",\"name\":\"Dani strukovnih nastavnika u \u0160ibeniku - Srednja \u0161kola Viktorovac\",\"isPartOf\":{\"@id\":\"https:\\\/\\\/ss-viktorovac.hr\\\/#website\"},\"primaryImageOfPage\":{\"@id\":\"https:\\\/\\\/ss-viktorovac.hr\\\/index.php\\\/2025\\\/11\\\/26\\\/dani-strukovnih-nastavnika-u-sibeniku\\\/#primaryimage\"},\"image\":{\"@id\":\"https:\\\/\\\/ss-viktorovac.hr\\\/index.php\\\/2025\\\/11\\\/26\\\/dani-strukovnih-nastavnika-u-sibeniku\\\/#primaryimage\"},\"thumbnailUrl\":\"https:\\\/\\\/ss-viktorovac.hr\\\/wp-content\\\/uploads\\\/2025\\\/11\\\/WhatsApp-Slika-2025-11-26-u-16.38.02_61673c60.jpg\",\"datePublished\":\"2025-11-26T20:56:55+00:00\",\"dateModified\":\"2025-11-26T20:57:06+00:00\",\"author\":{\"@id\":\"https:\\\/\\\/ss-viktorovac.hr\\\/#\\\/schema\\\/person\\\/3ccc2672a53cc614a089a62edb499feb\"},\"breadcrumb\":{\"@id\":\"https:\\\/\\\/ss-viktorovac.hr\\\/index.php\\\/2025\\\/11\\\/26\\\/dani-strukovnih-nastavnika-u-sibeniku\\\/#breadcrumb\"},\"inLanguage\":\"hr\",\"potentialAction\":[{\"@type\":\"ReadAction\",\"target\":[\"https:\\\/\\\/ss-viktorovac.hr\\\/index.php\\\/2025\\\/11\\\/26\\\/dani-strukovnih-nastavnika-u-sibeniku\\\/\"]}]},{\"@type\":\"ImageObject\",\"inLanguage\":\"hr\",\"@id\":\"https:\\\/\\\/ss-viktorovac.hr\\\/index.php\\\/2025\\\/11\\\/26\\\/dani-strukovnih-nastavnika-u-sibeniku\\\/#primaryimage\",\"url\":\"https:\\\/\\\/ss-viktorovac.hr\\\/wp-content\\\/uploads\\\/2025\\\/11\\\/WhatsApp-Slika-2025-11-26-u-16.38.02_61673c60.jpg\",\"contentUrl\":\"https:\\\/\\\/ss-viktorovac.hr\\\/wp-content\\\/uploads\\\/2025\\\/11\\\/WhatsApp-Slika-2025-11-26-u-16.38.02_61673c60.jpg\",\"width\":1200,\"height\":1600},{\"@type\":\"BreadcrumbList\",\"@id\":\"https:\\\/\\\/ss-viktorovac.hr\\\/index.php\\\/2025\\\/11\\\/26\\\/dani-strukovnih-nastavnika-u-sibeniku\\\/#breadcrumb\",\"itemListElement\":[{\"@type\":\"ListItem\",\"position\":1,\"name\":\"Po\u010detna stranica\",\"item\":\"https:\\\/\\\/ss-viktorovac.hr\\\/\"},{\"@type\":\"ListItem\",\"position\":2,\"name\":\"Dani strukovnih nastavnika u \u0160ibeniku\"}]},{\"@type\":\"WebSite\",\"@id\":\"https:\\\/\\\/ss-viktorovac.hr\\\/#website\",\"url\":\"https:\\\/\\\/ss-viktorovac.hr\\\/\",\"name\":\"Srednja \u0161kola Viktorovac\",\"description\":\"\",\"potentialAction\":[{\"@type\":\"SearchAction\",\"target\":{\"@type\":\"EntryPoint\",\"urlTemplate\":\"https:\\\/\\\/ss-viktorovac.hr\\\/?s={search_term_string}\"},\"query-input\":{\"@type\":\"PropertyValueSpecification\",\"valueRequired\":true,\"valueName\":\"search_term_string\"}}],\"inLanguage\":\"hr\"},{\"@type\":\"Person\",\"@id\":\"https:\\\/\\\/ss-viktorovac.hr\\\/#\\\/schema\\\/person\\\/3ccc2672a53cc614a089a62edb499feb\",\"name\":\"Mia Bjeki\u0107\",\"image\":{\"@type\":\"ImageObject\",\"inLanguage\":\"hr\",\"@id\":\"https:\\\/\\\/secure.gravatar.com\\\/avatar\\\/e01c19edf75bd1509986165e2e8930b37161ac24090dacb84cb7955cba09c9b1?s=96&d=mm&r=g\",\"url\":\"https:\\\/\\\/secure.gravatar.com\\\/avatar\\\/e01c19edf75bd1509986165e2e8930b37161ac24090dacb84cb7955cba09c9b1?s=96&d=mm&r=g\",\"contentUrl\":\"https:\\\/\\\/secure.gravatar.com\\\/avatar\\\/e01c19edf75bd1509986165e2e8930b37161ac24090dacb84cb7955cba09c9b1?s=96&d=mm&r=g\",\"caption\":\"Mia Bjeki\u0107\"},\"url\":\"https:\\\/\\\/ss-viktorovac.hr\\\/index.php\\\/author\\\/mia\\\/\"}]}<\/script>\n<!-- \/ Yoast SEO plugin. -->","yoast_head_json":{"title":"Dani strukovnih nastavnika u \u0160ibeniku - Srednja \u0161kola Viktorovac","robots":{"index":"index","follow":"follow","max-snippet":"max-snippet:-1","max-image-preview":"max-image-preview:large","max-video-preview":"max-video-preview:-1"},"canonical":"https:\/\/ss-viktorovac.hr\/index.php\/2025\/11\/26\/dani-strukovnih-nastavnika-u-sibeniku\/","og_locale":"hr_HR","og_type":"article","og_title":"Dani strukovnih nastavnika u \u0160ibeniku - Srednja \u0161kola Viktorovac","og_description":"Na Danima strukovnih nastavnika odr\u017eanih u \u0160ibeniku od 24.11. do 26.11.2025. sudjelovalo je i troje na\u0161ih nastavnika: \u017deljka Markota, Svijetlana Hernaut i Sa\u0161a Cvetkovi\u0107. Tema je bila modularna nastava.","og_url":"https:\/\/ss-viktorovac.hr\/index.php\/2025\/11\/26\/dani-strukovnih-nastavnika-u-sibeniku\/","og_site_name":"Srednja \u0161kola Viktorovac","article_published_time":"2025-11-26T20:56:55+00:00","article_modified_time":"2025-11-26T20:57:06+00:00","og_image":[{"width":1200,"height":1600,"url":"https:\/\/ss-viktorovac.hr\/wp-content\/uploads\/2025\/11\/WhatsApp-Slika-2025-11-26-u-16.38.02_61673c60.jpg","type":"image\/jpeg"}],"author":"Mia Bjeki\u0107","twitter_card":"summary_large_image","twitter_misc":{"Napisao\/la":"Mia Bjeki\u0107","Procijenjeno vrijeme \u010ditanja":"1 minuta"},"schema":{"@context":"https:\/\/schema.org","@graph":[{"@type":"Article","@id":"https:\/\/ss-viktorovac.hr\/index.php\/2025\/11\/26\/dani-strukovnih-nastavnika-u-sibeniku\/#article","isPartOf":{"@id":"https:\/\/ss-viktorovac.hr\/index.php\/2025\/11\/26\/dani-strukovnih-nastavnika-u-sibeniku\/"},"author":{"name":"Mia Bjeki\u0107","@id":"https:\/\/ss-viktorovac.hr\/#\/schema\/person\/3ccc2672a53cc614a089a62edb499feb"},"headline":"Dani strukovnih nastavnika u \u0160ibeniku","datePublished":"2025-11-26T20:56:55+00:00","dateModified":"2025-11-26T20:57:06+00:00","mainEntityOfPage":{"@id":"https:\/\/ss-viktorovac.hr\/index.php\/2025\/11\/26\/dani-strukovnih-nastavnika-u-sibeniku\/"},"wordCount":35,"commentCount":0,"image":{"@id":"https:\/\/ss-viktorovac.hr\/index.php\/2025\/11\/26\/dani-strukovnih-nastavnika-u-sibeniku\/#primaryimage"},"thumbnailUrl":"https:\/\/ss-viktorovac.hr\/wp-content\/uploads\/2025\/11\/WhatsApp-Slika-2025-11-26-u-16.38.02_61673c60.jpg","articleSection":["NASLOVNICA"],"inLanguage":"hr","potentialAction":[{"@type":"CommentAction","name":"Comment","target":["https:\/\/ss-viktorovac.hr\/index.php\/2025\/11\/26\/dani-strukovnih-nastavnika-u-sibeniku\/#respond"]}]},{"@type":"WebPage","@id":"https:\/\/ss-viktorovac.hr\/index.php\/2025\/11\/26\/dani-strukovnih-nastavnika-u-sibeniku\/","url":"https:\/\/ss-viktorovac.hr\/index.php\/2025\/11\/26\/dani-strukovnih-nastavnika-u-sibeniku\/","name":"Dani strukovnih nastavnika u \u0160ibeniku - Srednja \u0161kola Viktorovac","isPartOf":{"@id":"https:\/\/ss-viktorovac.hr\/#website"},"primaryImageOfPage":{"@id":"https:\/\/ss-viktorovac.hr\/index.php\/2025\/11\/26\/dani-strukovnih-nastavnika-u-sibeniku\/#primaryimage"},"image":{"@id":"https:\/\/ss-viktorovac.hr\/index.php\/2025\/11\/26\/dani-strukovnih-nastavnika-u-sibeniku\/#primaryimage"},"thumbnailUrl":"https:\/\/ss-viktorovac.hr\/wp-content\/uploads\/2025\/11\/WhatsApp-Slika-2025-11-26-u-16.38.02_61673c60.jpg","datePublished":"2025-11-26T20:56:55+00:00","dateModified":"2025-11-26T20:57:06+00:00","author":{"@id":"https:\/\/ss-viktorovac.hr\/#\/schema\/person\/3ccc2672a53cc614a089a62edb499feb"},"breadcrumb":{"@id":"https:\/\/ss-viktorovac.hr\/index.php\/2025\/11\/26\/dani-strukovnih-nastavnika-u-sibeniku\/#breadcrumb"},"inLanguage":"hr","potentialAction":[{"@type":"ReadAction","target":["https:\/\/ss-viktorovac.hr\/index.php\/2025\/11\/26\/dani-strukovnih-nastavnika-u-sibeniku\/"]}]},{"@type":"ImageObject","inLanguage":"hr","@id":"https:\/\/ss-viktorovac.hr\/index.php\/2025\/11\/26\/dani-strukovnih-nastavnika-u-sibeniku\/#primaryimage","url":"https:\/\/ss-viktorovac.hr\/wp-content\/uploads\/2025\/11\/WhatsApp-Slika-2025-11-26-u-16.38.02_61673c60.jpg","contentUrl":"https:\/\/ss-viktorovac.hr\/wp-content\/uploads\/2025\/11\/WhatsApp-Slika-2025-11-26-u-16.38.02_61673c60.jpg","width":1200,"height":1600},{"@type":"BreadcrumbList","@id":"https:\/\/ss-viktorovac.hr\/index.php\/2025\/11\/26\/dani-strukovnih-nastavnika-u-sibeniku\/#breadcrumb","itemListElement":[{"@type":"ListItem","position":1,"name":"Po\u010detna stranica","item":"https:\/\/ss-viktorovac.hr\/"},{"@type":"ListItem","position":2,"name":"Dani strukovnih nastavnika u \u0160ibeniku"}]},{"@type":"WebSite","@id":"https:\/\/ss-viktorovac.hr\/#website","url":"https:\/\/ss-viktorovac.hr\/","name":"Srednja \u0161kola Viktorovac","description":"","potentialAction":[{"@type":"SearchAction","target":{"@type":"EntryPoint","urlTemplate":"https:\/\/ss-viktorovac.hr\/?s={search_term_string}"},"query-input":{"@type":"PropertyValueSpecification","valueRequired":true,"valueName":"search_term_string"}}],"inLanguage":"hr"},{"@type":"Person","@id":"https:\/\/ss-viktorovac.hr\/#\/schema\/person\/3ccc2672a53cc614a089a62edb499feb","name":"Mia Bjeki\u0107","image":{"@type":"ImageObject","inLanguage":"hr","@id":"https:\/\/secure.gravatar.com\/avatar\/e01c19edf75bd1509986165e2e8930b37161ac24090dacb84cb7955cba09c9b1?s=96&d=mm&r=g","url":"https:\/\/secure.gravatar.com\/avatar\/e01c19edf75bd1509986165e2e8930b37161ac24090dacb84cb7955cba09c9b1?s=96&d=mm&r=g","contentUrl":"https:\/\/secure.gravatar.com\/avatar\/e01c19edf75bd1509986165e2e8930b37161ac24090dacb84cb7955cba09c9b1?s=96&d=mm&r=g","caption":"Mia Bjeki\u0107"},"url":"https:\/\/ss-viktorovac.hr\/index.php\/author\/mia\/"}]}},"_links":{"self":[{"href":"https:\/\/ss-viktorovac.hr\/index.php\/wp-json\/wp\/v2\/posts\/2173","targetHints":{"allow":["GET"]}}],"collection":[{"href":"https:\/\/ss-viktorovac.hr\/index.php\/wp-json\/wp\/v2\/posts"}],"about":[{"href":"https:\/\/ss-viktorovac.hr\/index.php\/wp-json\/wp\/v2\/types\/post"}],"author":[{"embeddable":true,"href":"https:\/\/ss-viktorovac.hr\/index.php\/wp-json\/wp\/v2\/users\/3"}],"replies":[{"embeddable":true,"href":"https:\/\/ss-viktorovac.hr\/index.php\/wp-json\/wp\/v2\/comments?post=2173"}],"version-history":[{"count":1,"href":"https:\/\/ss-viktorovac.hr\/index.php\/wp-json\/wp\/v2\/posts\/2173\/revisions"}],"predecessor-version":[{"id":2176,"href":"https:\/\/ss-viktorovac.hr\/index.php\/wp-json\/wp\/v2\/posts\/2173\/revisions\/2176"}],"wp:featuredmedia":[{"embeddable":true,"href":"https:\/\/ss-viktorovac.hr\/index.php\/wp-json\/wp\/v2\/media\/2175"}],"wp:attachment":[{"href":"https:\/\/ss-viktorovac.hr\/index.php\/wp-json\/wp\/v2\/media?parent=2173"}],"wp:term":[{"taxonomy":"category","embeddable":true,"href":"https:\/\/ss-viktorovac.hr\/index.php\/wp-json\/wp\/v2\/categories?post=2173"},{"taxonomy":"post_tag","embeddable":true,"href":"https:\/\/ss-viktorovac.hr\/index.php\/wp-json\/wp\/v2\/tags?post=2173"}],"curies":[{"name":"wp","href":"https:\/\/api.w.org\/{rel}","templated":true}]}}