{"id":2771,"date":"2026-04-20T16:46:55","date_gmt":"2026-04-20T14:46:55","guid":{"rendered":"https:\/\/ss-viktorovac.hr\/?p=2771"},"modified":"2026-04-20T16:46:55","modified_gmt":"2026-04-20T14:46:55","slug":"erasmus-mobilnost-ucenika-u-italiji","status":"publish","type":"post","link":"https:\/\/ss-viktorovac.hr\/index.php\/2026\/04\/20\/erasmus-mobilnost-ucenika-u-italiji\/","title":{"rendered":"ERASMUS+ MOBILNOST U\u010cENIKA U ITALIJI"},"content":{"rendered":"<p>U\u010denici smjera farmaceutski tehni\u010dar dana 19. travnja otputovali su u Milano u okviru Erasmus+ projekta:<\/p>\n<p>First Steps in Pharmacy: The Role of the Pharmacist in Preserving Mental and Physical Health<br \/>\n(broj projekta: 2025-1-HR01-KA122-VET-000345065)<\/p>\n<p>Tijekom boravka u Italiji, u\u010denici \u0107e do 3. svibnja obavljati stru\u010dnu praksu u farmaceutskim objektima, gdje \u0107e imati priliku usavr\u0161avati svoja stru\u010dna znanja i vje\u0161tine iz podru\u010dja farmaceutske struke, upoznati se s radom u me\u0111unarodnom okru\u017eenju te dodatno razvijati profesionalne kompetencije.<\/p>\n<p>Sretan put i uspje\u0161nu mobilnost \u017eelimo svim sudionicima!<\/p>\n<div id='gallery-1' class='gallery galleryid-2771 gallery-columns-3 gallery-size-thumbnail'><figure class='gallery-item'>\n\t\t\t<div class='gallery-icon landscape'>\n\t\t\t\t<a href='https:\/\/ss-viktorovac.hr\/index.php\/2026\/04\/20\/erasmus-mobilnost-ucenika-u-italiji\/whatsapp-image-2026-04-20-at-16-40-33-3\/'><img loading=\"lazy\" decoding=\"async\" width=\"150\" height=\"150\" src=\"https:\/\/ss-viktorovac.hr\/wp-content\/uploads\/2026\/04\/WhatsApp-Image-2026-04-20-at-16.40.33-3-150x150.jpeg\" class=\"attachment-thumbnail size-thumbnail\" alt=\"\" \/><\/a>\n\t\t\t<\/div><\/figure><figure class='gallery-item'>\n\t\t\t<div class='gallery-icon portrait'>\n\t\t\t\t<a href='https:\/\/ss-viktorovac.hr\/index.php\/2026\/04\/20\/erasmus-mobilnost-ucenika-u-italiji\/whatsapp-image-2026-04-20-at-16-40-33-2\/'><img loading=\"lazy\" decoding=\"async\" width=\"150\" height=\"150\" src=\"https:\/\/ss-viktorovac.hr\/wp-content\/uploads\/2026\/04\/WhatsApp-Image-2026-04-20-at-16.40.33-2-150x150.jpeg\" class=\"attachment-thumbnail size-thumbnail\" alt=\"\" \/><\/a>\n\t\t\t<\/div><\/figure><figure class='gallery-item'>\n\t\t\t<div class='gallery-icon portrait'>\n\t\t\t\t<a href='https:\/\/ss-viktorovac.hr\/index.php\/2026\/04\/20\/erasmus-mobilnost-ucenika-u-italiji\/whatsapp-image-2026-04-20-at-16-40-33-1\/'><img loading=\"lazy\" decoding=\"async\" width=\"150\" height=\"150\" src=\"https:\/\/ss-viktorovac.hr\/wp-content\/uploads\/2026\/04\/WhatsApp-Image-2026-04-20-at-16.40.33-1-150x150.jpeg\" class=\"attachment-thumbnail size-thumbnail\" alt=\"\" \/><\/a>\n\t\t\t<\/div><\/figure><figure class='gallery-item'>\n\t\t\t<div class='gallery-icon portrait'>\n\t\t\t\t<a href='https:\/\/ss-viktorovac.hr\/index.php\/2026\/04\/20\/erasmus-mobilnost-ucenika-u-italiji\/whatsapp-image-2026-04-20-at-16-40-33\/'><img loading=\"lazy\" decoding=\"async\" width=\"150\" height=\"150\" src=\"https:\/\/ss-viktorovac.hr\/wp-content\/uploads\/2026\/04\/WhatsApp-Image-2026-04-20-at-16.40.33-150x150.jpeg\" class=\"attachment-thumbnail size-thumbnail\" alt=\"\" \/><\/a>\n\t\t\t<\/div><\/figure><figure class='gallery-item'>\n\t\t\t<div class='gallery-icon portrait'>\n\t\t\t\t<a href='https:\/\/ss-viktorovac.hr\/index.php\/2026\/04\/20\/erasmus-mobilnost-ucenika-u-italiji\/whatsapp-image-2026-04-20-at-16-40-32-2\/'><img loading=\"lazy\" decoding=\"async\" width=\"150\" height=\"150\" src=\"https:\/\/ss-viktorovac.hr\/wp-content\/uploads\/2026\/04\/WhatsApp-Image-2026-04-20-at-16.40.32-2-150x150.jpeg\" class=\"attachment-thumbnail size-thumbnail\" alt=\"\" \/><\/a>\n\t\t\t<\/div><\/figure><figure class='gallery-item'>\n\t\t\t<div class='gallery-icon portrait'>\n\t\t\t\t<a href='https:\/\/ss-viktorovac.hr\/index.php\/2026\/04\/20\/erasmus-mobilnost-ucenika-u-italiji\/whatsapp-image-2026-04-20-at-16-40-32-1\/'><img loading=\"lazy\" decoding=\"async\" width=\"150\" height=\"150\" src=\"https:\/\/ss-viktorovac.hr\/wp-content\/uploads\/2026\/04\/WhatsApp-Image-2026-04-20-at-16.40.32-1-150x150.jpeg\" class=\"attachment-thumbnail size-thumbnail\" alt=\"\" \/><\/a>\n\t\t\t<\/div><\/figure><figure class='gallery-item'>\n\t\t\t<div class='gallery-icon landscape'>\n\t\t\t\t<a href='https:\/\/ss-viktorovac.hr\/index.php\/2026\/04\/20\/erasmus-mobilnost-ucenika-u-italiji\/whatsapp-image-2026-04-20-at-16-40-32\/'><img loading=\"lazy\" decoding=\"async\" width=\"150\" height=\"150\" src=\"https:\/\/ss-viktorovac.hr\/wp-content\/uploads\/2026\/04\/WhatsApp-Image-2026-04-20-at-16.40.32-150x150.jpeg\" class=\"attachment-thumbnail size-thumbnail\" alt=\"\" \/><\/a>\n\t\t\t<\/div><\/figure>\n\t\t<\/div>\n\n","protected":false},"excerpt":{"rendered":"<p>U\u010denici smjera farmaceutski tehni\u010dar dana 19. travnja otputovali su u Milano u okviru Erasmus+ projekta: First Steps in Pharmacy: The Role of the Pharmacist in Preserving Mental and Physical Health (broj projekta: 2025-1-HR01-KA122-VET-000345065) Tijekom boravka u Italiji, u\u010denici \u0107e do 3. svibnja obavljati stru\u010dnu praksu u farmaceutskim objektima, gdje \u0107e imati priliku usavr\u0161avati svoja stru\u010dna [&hellip;]<\/p>\n","protected":false},"author":7,"featured_media":2775,"comment_status":"open","ping_status":"open","sticky":false,"template":"","format":"standard","meta":{"footnotes":""},"categories":[89],"tags":[],"class_list":{"0":"post-2771","1":"post","2":"type-post","3":"status-publish","4":"format-standard","5":"has-post-thumbnail","7":"category-erasmus"},"yoast_head":"<!-- This site is optimized with the Yoast SEO plugin v27.5 - https:\/\/yoast.com\/product\/yoast-seo-wordpress\/ -->\n<title>ERASMUS+ MOBILNOST U\u010cENIKA U ITALIJI - Srednja \u0161kola Viktorovac<\/title>\n<meta name=\"robots\" content=\"index, follow, max-snippet:-1, max-image-preview:large, max-video-preview:-1\" \/>\n<link rel=\"canonical\" href=\"https:\/\/ss-viktorovac.hr\/index.php\/2026\/04\/20\/erasmus-mobilnost-ucenika-u-italiji\/\" \/>\n<meta property=\"og:locale\" content=\"hr_HR\" \/>\n<meta property=\"og:type\" content=\"article\" \/>\n<meta property=\"og:title\" content=\"ERASMUS+ MOBILNOST U\u010cENIKA U ITALIJI - Srednja \u0161kola Viktorovac\" \/>\n<meta property=\"og:description\" content=\"U\u010denici smjera farmaceutski tehni\u010dar dana 19. travnja otputovali su u Milano u okviru Erasmus+ projekta: First Steps in Pharmacy: The Role of the Pharmacist in Preserving Mental and Physical Health (broj projekta: 2025-1-HR01-KA122-VET-000345065) Tijekom boravka u Italiji, u\u010denici \u0107e do 3. svibnja obavljati stru\u010dnu praksu u farmaceutskim objektima, gdje \u0107e imati priliku usavr\u0161avati svoja stru\u010dna [&hellip;]\" \/>\n<meta property=\"og:url\" content=\"https:\/\/ss-viktorovac.hr\/index.php\/2026\/04\/20\/erasmus-mobilnost-ucenika-u-italiji\/\" \/>\n<meta property=\"og:site_name\" content=\"Srednja \u0161kola Viktorovac\" \/>\n<meta property=\"article:published_time\" content=\"2026-04-20T14:46:55+00:00\" \/>\n<meta property=\"og:image\" content=\"https:\/\/ss-viktorovac.hr\/wp-content\/uploads\/2026\/04\/WhatsApp-Image-2026-04-20-at-16.40.33.jpeg\" \/>\n\t<meta property=\"og:image:width\" content=\"1200\" \/>\n\t<meta property=\"og:image:height\" content=\"1600\" \/>\n\t<meta property=\"og:image:type\" content=\"image\/jpeg\" \/>\n<meta name=\"author\" content=\"Nikol Leskovar\" \/>\n<meta name=\"twitter:card\" content=\"summary_large_image\" \/>\n<meta name=\"twitter:label1\" content=\"Napisao\/la\" \/>\n\t<meta name=\"twitter:data1\" content=\"Nikol Leskovar\" \/>\n\t<meta name=\"twitter:label2\" content=\"Procijenjeno vrijeme \u010ditanja\" \/>\n\t<meta name=\"twitter:data2\" content=\"1 minuta\" \/>\n<script type=\"application\/ld+json\" class=\"yoast-schema-graph\">{\"@context\":\"https:\\\/\\\/schema.org\",\"@graph\":[{\"@type\":\"Article\",\"@id\":\"https:\\\/\\\/ss-viktorovac.hr\\\/index.php\\\/2026\\\/04\\\/20\\\/erasmus-mobilnost-ucenika-u-italiji\\\/#article\",\"isPartOf\":{\"@id\":\"https:\\\/\\\/ss-viktorovac.hr\\\/index.php\\\/2026\\\/04\\\/20\\\/erasmus-mobilnost-ucenika-u-italiji\\\/\"},\"author\":{\"name\":\"Nikol Leskovar\",\"@id\":\"https:\\\/\\\/ss-viktorovac.hr\\\/#\\\/schema\\\/person\\\/049084f320d406352bf23db650f8649a\"},\"headline\":\"ERASMUS+ MOBILNOST U\u010cENIKA U ITALIJI\",\"datePublished\":\"2026-04-20T14:46:55+00:00\",\"mainEntityOfPage\":{\"@id\":\"https:\\\/\\\/ss-viktorovac.hr\\\/index.php\\\/2026\\\/04\\\/20\\\/erasmus-mobilnost-ucenika-u-italiji\\\/\"},\"wordCount\":102,\"commentCount\":0,\"image\":{\"@id\":\"https:\\\/\\\/ss-viktorovac.hr\\\/index.php\\\/2026\\\/04\\\/20\\\/erasmus-mobilnost-ucenika-u-italiji\\\/#primaryimage\"},\"thumbnailUrl\":\"https:\\\/\\\/ss-viktorovac.hr\\\/wp-content\\\/uploads\\\/2026\\\/04\\\/WhatsApp-Image-2026-04-20-at-16.40.33.jpeg\",\"articleSection\":[\"ERASMUS\"],\"inLanguage\":\"hr\",\"potentialAction\":[{\"@type\":\"CommentAction\",\"name\":\"Comment\",\"target\":[\"https:\\\/\\\/ss-viktorovac.hr\\\/index.php\\\/2026\\\/04\\\/20\\\/erasmus-mobilnost-ucenika-u-italiji\\\/#respond\"]}]},{\"@type\":\"WebPage\",\"@id\":\"https:\\\/\\\/ss-viktorovac.hr\\\/index.php\\\/2026\\\/04\\\/20\\\/erasmus-mobilnost-ucenika-u-italiji\\\/\",\"url\":\"https:\\\/\\\/ss-viktorovac.hr\\\/index.php\\\/2026\\\/04\\\/20\\\/erasmus-mobilnost-ucenika-u-italiji\\\/\",\"name\":\"ERASMUS+ MOBILNOST U\u010cENIKA U ITALIJI - Srednja \u0161kola Viktorovac\",\"isPartOf\":{\"@id\":\"https:\\\/\\\/ss-viktorovac.hr\\\/#website\"},\"primaryImageOfPage\":{\"@id\":\"https:\\\/\\\/ss-viktorovac.hr\\\/index.php\\\/2026\\\/04\\\/20\\\/erasmus-mobilnost-ucenika-u-italiji\\\/#primaryimage\"},\"image\":{\"@id\":\"https:\\\/\\\/ss-viktorovac.hr\\\/index.php\\\/2026\\\/04\\\/20\\\/erasmus-mobilnost-ucenika-u-italiji\\\/#primaryimage\"},\"thumbnailUrl\":\"https:\\\/\\\/ss-viktorovac.hr\\\/wp-content\\\/uploads\\\/2026\\\/04\\\/WhatsApp-Image-2026-04-20-at-16.40.33.jpeg\",\"datePublished\":\"2026-04-20T14:46:55+00:00\",\"author\":{\"@id\":\"https:\\\/\\\/ss-viktorovac.hr\\\/#\\\/schema\\\/person\\\/049084f320d406352bf23db650f8649a\"},\"breadcrumb\":{\"@id\":\"https:\\\/\\\/ss-viktorovac.hr\\\/index.php\\\/2026\\\/04\\\/20\\\/erasmus-mobilnost-ucenika-u-italiji\\\/#breadcrumb\"},\"inLanguage\":\"hr\",\"potentialAction\":[{\"@type\":\"ReadAction\",\"target\":[\"https:\\\/\\\/ss-viktorovac.hr\\\/index.php\\\/2026\\\/04\\\/20\\\/erasmus-mobilnost-ucenika-u-italiji\\\/\"]}]},{\"@type\":\"ImageObject\",\"inLanguage\":\"hr\",\"@id\":\"https:\\\/\\\/ss-viktorovac.hr\\\/index.php\\\/2026\\\/04\\\/20\\\/erasmus-mobilnost-ucenika-u-italiji\\\/#primaryimage\",\"url\":\"https:\\\/\\\/ss-viktorovac.hr\\\/wp-content\\\/uploads\\\/2026\\\/04\\\/WhatsApp-Image-2026-04-20-at-16.40.33.jpeg\",\"contentUrl\":\"https:\\\/\\\/ss-viktorovac.hr\\\/wp-content\\\/uploads\\\/2026\\\/04\\\/WhatsApp-Image-2026-04-20-at-16.40.33.jpeg\",\"width\":1200,\"height\":1600},{\"@type\":\"BreadcrumbList\",\"@id\":\"https:\\\/\\\/ss-viktorovac.hr\\\/index.php\\\/2026\\\/04\\\/20\\\/erasmus-mobilnost-ucenika-u-italiji\\\/#breadcrumb\",\"itemListElement\":[{\"@type\":\"ListItem\",\"position\":1,\"name\":\"Po\u010detna stranica\",\"item\":\"https:\\\/\\\/ss-viktorovac.hr\\\/\"},{\"@type\":\"ListItem\",\"position\":2,\"name\":\"ERASMUS+ MOBILNOST U\u010cENIKA U ITALIJI\"}]},{\"@type\":\"WebSite\",\"@id\":\"https:\\\/\\\/ss-viktorovac.hr\\\/#website\",\"url\":\"https:\\\/\\\/ss-viktorovac.hr\\\/\",\"name\":\"Srednja \u0161kola Viktorovac\",\"description\":\"\",\"potentialAction\":[{\"@type\":\"SearchAction\",\"target\":{\"@type\":\"EntryPoint\",\"urlTemplate\":\"https:\\\/\\\/ss-viktorovac.hr\\\/?s={search_term_string}\"},\"query-input\":{\"@type\":\"PropertyValueSpecification\",\"valueRequired\":true,\"valueName\":\"search_term_string\"}}],\"inLanguage\":\"hr\"},{\"@type\":\"Person\",\"@id\":\"https:\\\/\\\/ss-viktorovac.hr\\\/#\\\/schema\\\/person\\\/049084f320d406352bf23db650f8649a\",\"name\":\"Nikol Leskovar\",\"image\":{\"@type\":\"ImageObject\",\"inLanguage\":\"hr\",\"@id\":\"https:\\\/\\\/secure.gravatar.com\\\/avatar\\\/18df2943f3196c60a088f38d37ee28cf45f5013e5a31e1fde63e4087778f5ac0?s=96&d=mm&r=g\",\"url\":\"https:\\\/\\\/secure.gravatar.com\\\/avatar\\\/18df2943f3196c60a088f38d37ee28cf45f5013e5a31e1fde63e4087778f5ac0?s=96&d=mm&r=g\",\"contentUrl\":\"https:\\\/\\\/secure.gravatar.com\\\/avatar\\\/18df2943f3196c60a088f38d37ee28cf45f5013e5a31e1fde63e4087778f5ac0?s=96&d=mm&r=g\",\"caption\":\"Nikol Leskovar\"},\"url\":\"https:\\\/\\\/ss-viktorovac.hr\\\/index.php\\\/author\\\/nikol-leskovar\\\/\"}]}<\/script>\n<!-- \/ Yoast SEO plugin. -->","yoast_head_json":{"title":"ERASMUS+ MOBILNOST U\u010cENIKA U ITALIJI - Srednja \u0161kola Viktorovac","robots":{"index":"index","follow":"follow","max-snippet":"max-snippet:-1","max-image-preview":"max-image-preview:large","max-video-preview":"max-video-preview:-1"},"canonical":"https:\/\/ss-viktorovac.hr\/index.php\/2026\/04\/20\/erasmus-mobilnost-ucenika-u-italiji\/","og_locale":"hr_HR","og_type":"article","og_title":"ERASMUS+ MOBILNOST U\u010cENIKA U ITALIJI - Srednja \u0161kola Viktorovac","og_description":"U\u010denici smjera farmaceutski tehni\u010dar dana 19. travnja otputovali su u Milano u okviru Erasmus+ projekta: First Steps in Pharmacy: The Role of the Pharmacist in Preserving Mental and Physical Health (broj projekta: 2025-1-HR01-KA122-VET-000345065) Tijekom boravka u Italiji, u\u010denici \u0107e do 3. svibnja obavljati stru\u010dnu praksu u farmaceutskim objektima, gdje \u0107e imati priliku usavr\u0161avati svoja stru\u010dna [&hellip;]","og_url":"https:\/\/ss-viktorovac.hr\/index.php\/2026\/04\/20\/erasmus-mobilnost-ucenika-u-italiji\/","og_site_name":"Srednja \u0161kola Viktorovac","article_published_time":"2026-04-20T14:46:55+00:00","og_image":[{"width":1200,"height":1600,"url":"https:\/\/ss-viktorovac.hr\/wp-content\/uploads\/2026\/04\/WhatsApp-Image-2026-04-20-at-16.40.33.jpeg","type":"image\/jpeg"}],"author":"Nikol Leskovar","twitter_card":"summary_large_image","twitter_misc":{"Napisao\/la":"Nikol Leskovar","Procijenjeno vrijeme \u010ditanja":"1 minuta"},"schema":{"@context":"https:\/\/schema.org","@graph":[{"@type":"Article","@id":"https:\/\/ss-viktorovac.hr\/index.php\/2026\/04\/20\/erasmus-mobilnost-ucenika-u-italiji\/#article","isPartOf":{"@id":"https:\/\/ss-viktorovac.hr\/index.php\/2026\/04\/20\/erasmus-mobilnost-ucenika-u-italiji\/"},"author":{"name":"Nikol Leskovar","@id":"https:\/\/ss-viktorovac.hr\/#\/schema\/person\/049084f320d406352bf23db650f8649a"},"headline":"ERASMUS+ MOBILNOST U\u010cENIKA U ITALIJI","datePublished":"2026-04-20T14:46:55+00:00","mainEntityOfPage":{"@id":"https:\/\/ss-viktorovac.hr\/index.php\/2026\/04\/20\/erasmus-mobilnost-ucenika-u-italiji\/"},"wordCount":102,"commentCount":0,"image":{"@id":"https:\/\/ss-viktorovac.hr\/index.php\/2026\/04\/20\/erasmus-mobilnost-ucenika-u-italiji\/#primaryimage"},"thumbnailUrl":"https:\/\/ss-viktorovac.hr\/wp-content\/uploads\/2026\/04\/WhatsApp-Image-2026-04-20-at-16.40.33.jpeg","articleSection":["ERASMUS"],"inLanguage":"hr","potentialAction":[{"@type":"CommentAction","name":"Comment","target":["https:\/\/ss-viktorovac.hr\/index.php\/2026\/04\/20\/erasmus-mobilnost-ucenika-u-italiji\/#respond"]}]},{"@type":"WebPage","@id":"https:\/\/ss-viktorovac.hr\/index.php\/2026\/04\/20\/erasmus-mobilnost-ucenika-u-italiji\/","url":"https:\/\/ss-viktorovac.hr\/index.php\/2026\/04\/20\/erasmus-mobilnost-ucenika-u-italiji\/","name":"ERASMUS+ MOBILNOST U\u010cENIKA U ITALIJI - Srednja \u0161kola Viktorovac","isPartOf":{"@id":"https:\/\/ss-viktorovac.hr\/#website"},"primaryImageOfPage":{"@id":"https:\/\/ss-viktorovac.hr\/index.php\/2026\/04\/20\/erasmus-mobilnost-ucenika-u-italiji\/#primaryimage"},"image":{"@id":"https:\/\/ss-viktorovac.hr\/index.php\/2026\/04\/20\/erasmus-mobilnost-ucenika-u-italiji\/#primaryimage"},"thumbnailUrl":"https:\/\/ss-viktorovac.hr\/wp-content\/uploads\/2026\/04\/WhatsApp-Image-2026-04-20-at-16.40.33.jpeg","datePublished":"2026-04-20T14:46:55+00:00","author":{"@id":"https:\/\/ss-viktorovac.hr\/#\/schema\/person\/049084f320d406352bf23db650f8649a"},"breadcrumb":{"@id":"https:\/\/ss-viktorovac.hr\/index.php\/2026\/04\/20\/erasmus-mobilnost-ucenika-u-italiji\/#breadcrumb"},"inLanguage":"hr","potentialAction":[{"@type":"ReadAction","target":["https:\/\/ss-viktorovac.hr\/index.php\/2026\/04\/20\/erasmus-mobilnost-ucenika-u-italiji\/"]}]},{"@type":"ImageObject","inLanguage":"hr","@id":"https:\/\/ss-viktorovac.hr\/index.php\/2026\/04\/20\/erasmus-mobilnost-ucenika-u-italiji\/#primaryimage","url":"https:\/\/ss-viktorovac.hr\/wp-content\/uploads\/2026\/04\/WhatsApp-Image-2026-04-20-at-16.40.33.jpeg","contentUrl":"https:\/\/ss-viktorovac.hr\/wp-content\/uploads\/2026\/04\/WhatsApp-Image-2026-04-20-at-16.40.33.jpeg","width":1200,"height":1600},{"@type":"BreadcrumbList","@id":"https:\/\/ss-viktorovac.hr\/index.php\/2026\/04\/20\/erasmus-mobilnost-ucenika-u-italiji\/#breadcrumb","itemListElement":[{"@type":"ListItem","position":1,"name":"Po\u010detna stranica","item":"https:\/\/ss-viktorovac.hr\/"},{"@type":"ListItem","position":2,"name":"ERASMUS+ MOBILNOST U\u010cENIKA U ITALIJI"}]},{"@type":"WebSite","@id":"https:\/\/ss-viktorovac.hr\/#website","url":"https:\/\/ss-viktorovac.hr\/","name":"Srednja \u0161kola Viktorovac","description":"","potentialAction":[{"@type":"SearchAction","target":{"@type":"EntryPoint","urlTemplate":"https:\/\/ss-viktorovac.hr\/?s={search_term_string}"},"query-input":{"@type":"PropertyValueSpecification","valueRequired":true,"valueName":"search_term_string"}}],"inLanguage":"hr"},{"@type":"Person","@id":"https:\/\/ss-viktorovac.hr\/#\/schema\/person\/049084f320d406352bf23db650f8649a","name":"Nikol Leskovar","image":{"@type":"ImageObject","inLanguage":"hr","@id":"https:\/\/secure.gravatar.com\/avatar\/18df2943f3196c60a088f38d37ee28cf45f5013e5a31e1fde63e4087778f5ac0?s=96&d=mm&r=g","url":"https:\/\/secure.gravatar.com\/avatar\/18df2943f3196c60a088f38d37ee28cf45f5013e5a31e1fde63e4087778f5ac0?s=96&d=mm&r=g","contentUrl":"https:\/\/secure.gravatar.com\/avatar\/18df2943f3196c60a088f38d37ee28cf45f5013e5a31e1fde63e4087778f5ac0?s=96&d=mm&r=g","caption":"Nikol Leskovar"},"url":"https:\/\/ss-viktorovac.hr\/index.php\/author\/nikol-leskovar\/"}]}},"_links":{"self":[{"href":"https:\/\/ss-viktorovac.hr\/index.php\/wp-json\/wp\/v2\/posts\/2771","targetHints":{"allow":["GET"]}}],"collection":[{"href":"https:\/\/ss-viktorovac.hr\/index.php\/wp-json\/wp\/v2\/posts"}],"about":[{"href":"https:\/\/ss-viktorovac.hr\/index.php\/wp-json\/wp\/v2\/types\/post"}],"author":[{"embeddable":true,"href":"https:\/\/ss-viktorovac.hr\/index.php\/wp-json\/wp\/v2\/users\/7"}],"replies":[{"embeddable":true,"href":"https:\/\/ss-viktorovac.hr\/index.php\/wp-json\/wp\/v2\/comments?post=2771"}],"version-history":[{"count":1,"href":"https:\/\/ss-viktorovac.hr\/index.php\/wp-json\/wp\/v2\/posts\/2771\/revisions"}],"predecessor-version":[{"id":2779,"href":"https:\/\/ss-viktorovac.hr\/index.php\/wp-json\/wp\/v2\/posts\/2771\/revisions\/2779"}],"wp:featuredmedia":[{"embeddable":true,"href":"https:\/\/ss-viktorovac.hr\/index.php\/wp-json\/wp\/v2\/media\/2775"}],"wp:attachment":[{"href":"https:\/\/ss-viktorovac.hr\/index.php\/wp-json\/wp\/v2\/media?parent=2771"}],"wp:term":[{"taxonomy":"category","embeddable":true,"href":"https:\/\/ss-viktorovac.hr\/index.php\/wp-json\/wp\/v2\/categories?post=2771"},{"taxonomy":"post_tag","embeddable":true,"href":"https:\/\/ss-viktorovac.hr\/index.php\/wp-json\/wp\/v2\/tags?post=2771"}],"curies":[{"name":"wp","href":"https:\/\/api.w.org\/{rel}","templated":true}]}}