{"id":385,"date":"2025-08-29T09:04:49","date_gmt":"2025-08-29T07:04:49","guid":{"rendered":"http:\/\/ss-viktorovac.hr\/?p=385"},"modified":"2025-08-29T10:53:01","modified_gmt":"2025-08-29T08:53:01","slug":"blize-nam-se-upisi-u-1-razrede-pridruzi-nam-se-u-srednjoj-skoli-viktorovac","status":"publish","type":"post","link":"https:\/\/ss-viktorovac.hr\/index.php\/2025\/08\/29\/blize-nam-se-upisi-u-1-razrede-pridruzi-nam-se-u-srednjoj-skoli-viktorovac\/","title":{"rendered":"Bli\u017ee nam se upisi u 1. razrede! Pridru\u017ei nam se u Srednjoj \u0161koli Viktorovac"},"content":{"rendered":"<p data-start=\"217\" data-end=\"243\">Dragi u\u010denici i roditelji,<\/p>\n<p data-start=\"245\" data-end=\"538\">vrijeme je za va\u017enu odluku \u2013 izbor srednje \u0161kole! Srednja \u0161kola Viktorovac u Sisku pru\u017ea kvalitetno obrazovanje u suvremenom i poticajnom okru\u017eenju. Na\u0161i obrazovni programi usmjereni su na stjecanje znanja, vje\u0161tina i kompetencija koje su tra\u017eene na tr\u017ei\u0161tu rada, ali i na nastavak \u0161kolovanja.<\/p>\n<p data-start=\"540\" data-end=\"597\">U \u0161kolskoj godini nudimo sljede\u0107e <strong data-start=\"574\" data-end=\"596\">obrazovne programe<\/strong>:<\/p>\n<p data-start=\"599\" data-end=\"790\">\ud83d\udd39 <strong data-start=\"602\" data-end=\"615\">Ekonomist<\/strong><br data-start=\"615\" data-end=\"618\" \/>Usmjerenje za u\u010denike koji \u017eele raditi u svijetu financija, poduzetni\u0161tva i poslovne administracije.<br data-start=\"718\" data-end=\"721\" \/>Pru\u017ea temelj za nastavak studija na ekonomskim i srodnim fakultetima.<\/p>\n<p data-start=\"792\" data-end=\"975\">\ud83d\udd39 <strong data-start=\"795\" data-end=\"812\">Komercijalist<\/strong><br data-start=\"812\" data-end=\"815\" \/>Prakti\u010dan i moderan program za one koje zanima prodaja, marketing i poslovna komunikacija.<br data-start=\"905\" data-end=\"908\" \/>Spaja znanje iz ekonomije s vje\u0161tinama rada s kupcima i partnerima.<\/p>\n<p data-start=\"977\" data-end=\"1179\">\ud83d\udd39 <strong data-start=\"980\" data-end=\"1016\">Hotelijersko-turisti\u010dki tehni\u010dar<\/strong><br data-start=\"1016\" data-end=\"1019\" \/>Savr\u0161en izbor za ljubitelje turizma, jezika i rada s ljudima.<br data-start=\"1080\" data-end=\"1083\" \/>Program uklju\u010duje prakti\u010dnu nastavu i mogu\u0107nosti sudjelovanja u projektima i praksama u turizmu.<\/p>\n<p data-start=\"1181\" data-end=\"1323\">\ud83d\udd39 <strong data-start=\"1184\" data-end=\"1194\">Frizer<\/strong><br data-start=\"1194\" data-end=\"1197\" \/>Kreativno zanimanje za u\u010denike sa smislom za stil, dizajn i osobne usluge.<br data-start=\"1271\" data-end=\"1274\" \/>U\u010denje kroz rad u \u0161kolskom praktikumu i salonima.<\/p>\n<p data-start=\"1325\" data-end=\"1476\">\ud83d\udd39 <strong data-start=\"1328\" data-end=\"1342\">Kozmeti\u010dar<\/strong><br data-start=\"1342\" data-end=\"1345\" \/>Program koji kombinira znanje iz podru\u010dja njege ko\u017ee, masa\u017ee i estetike.<br data-start=\"1417\" data-end=\"1420\" \/>U\u010denici stje\u010du prakti\u010dne vje\u0161tine uz stru\u010dno mentorstvo.<\/p>\n<p data-start=\"1478\" data-end=\"1626\">\ud83d\udd39 <strong data-start=\"1481\" data-end=\"1493\">Prodava\u010d<\/strong><br data-start=\"1493\" data-end=\"1496\" \/>Trogodi\u0161nji program usmjeren na stjecanje konkretnih znanja i vje\u0161tina iz trgovine.<br data-start=\"1579\" data-end=\"1582\" \/>Pogodno za brzo zaposlenje nakon \u0161kolovanja.<\/p>\n<hr data-start=\"1628\" data-end=\"1631\" \/>\n<p data-start=\"1633\" data-end=\"1816\">Na\u0161a \u0161kola nudi:<br \/>\n\u2705 stru\u010dne i motivirane nastavnike<br data-start=\"1683\" data-end=\"1686\" \/>\u2705 moderno opremljene praktikume<br data-start=\"1717\" data-end=\"1720\" \/>\u2705 uklju\u010divanje u projekte, natjecanja i stru\u010dne prakse<br data-start=\"1774\" data-end=\"1777\" \/>\u2705 poticajno i sigurno \u0161kolsko okru\u017eenje<\/p>\n<p data-start=\"1818\" data-end=\"1906\">\ud83d\udcc5 Pridru\u017ei nam se \u2013 postani dio zajednice znanja i razvoja u Srednjoj \u0161koli Viktorovac!<\/p>\n<p data-start=\"1908\" data-end=\"2011\">Za vi\u0161e informacija o programima i upisima posjeti na\u0161u slu\u017ebenu stranicu ili nas kontaktiraj direktno.<\/p>\n","protected":false},"excerpt":{"rendered":"<p>Dragi u\u010denici i roditelji, vrijeme je za va\u017enu odluku \u2013 izbor srednje \u0161kole! Srednja \u0161kola Viktorovac u Sisku pru\u017ea kvalitetno obrazovanje u suvremenom i poticajnom okru\u017eenju. Na\u0161i obrazovni programi usmjereni su na stjecanje znanja, vje\u0161tina i kompetencija koje su tra\u017eene na tr\u017ei\u0161tu rada, ali i na nastavak \u0161kolovanja. U \u0161kolskoj godini nudimo sljede\u0107e obrazovne programe: [&hellip;]<\/p>\n","protected":false},"author":1,"featured_media":387,"comment_status":"open","ping_status":"open","sticky":false,"template":"","format":"standard","meta":{"footnotes":""},"categories":[60],"tags":[],"class_list":{"0":"post-385","1":"post","2":"type-post","3":"status-publish","4":"format-standard","5":"has-post-thumbnail","7":"category-naslovnica"},"yoast_head":"<!-- This site is optimized with the Yoast SEO plugin v27.5 - https:\/\/yoast.com\/product\/yoast-seo-wordpress\/ -->\n<title>Bli\u017ee nam se upisi u 1. razrede! Pridru\u017ei nam se u Srednjoj \u0161koli Viktorovac - Srednja \u0161kola Viktorovac<\/title>\n<meta name=\"robots\" content=\"index, follow, max-snippet:-1, max-image-preview:large, max-video-preview:-1\" \/>\n<link rel=\"canonical\" href=\"https:\/\/ss-viktorovac.hr\/index.php\/2025\/08\/29\/blize-nam-se-upisi-u-1-razrede-pridruzi-nam-se-u-srednjoj-skoli-viktorovac\/\" \/>\n<meta property=\"og:locale\" content=\"hr_HR\" \/>\n<meta property=\"og:type\" content=\"article\" \/>\n<meta property=\"og:title\" content=\"Bli\u017ee nam se upisi u 1. razrede! Pridru\u017ei nam se u Srednjoj \u0161koli Viktorovac - Srednja \u0161kola Viktorovac\" \/>\n<meta property=\"og:description\" content=\"Dragi u\u010denici i roditelji, vrijeme je za va\u017enu odluku \u2013 izbor srednje \u0161kole! Srednja \u0161kola Viktorovac u Sisku pru\u017ea kvalitetno obrazovanje u suvremenom i poticajnom okru\u017eenju. Na\u0161i obrazovni programi usmjereni su na stjecanje znanja, vje\u0161tina i kompetencija koje su tra\u017eene na tr\u017ei\u0161tu rada, ali i na nastavak \u0161kolovanja. U \u0161kolskoj godini nudimo sljede\u0107e obrazovne programe: [&hellip;]\" \/>\n<meta property=\"og:url\" content=\"https:\/\/ss-viktorovac.hr\/index.php\/2025\/08\/29\/blize-nam-se-upisi-u-1-razrede-pridruzi-nam-se-u-srednjoj-skoli-viktorovac\/\" \/>\n<meta property=\"og:site_name\" content=\"Srednja \u0161kola Viktorovac\" \/>\n<meta property=\"article:published_time\" content=\"2025-08-29T07:04:49+00:00\" \/>\n<meta property=\"article:modified_time\" content=\"2025-08-29T08:53:01+00:00\" \/>\n<meta property=\"og:image\" content=\"https:\/\/ss-viktorovac.hr\/wp-content\/uploads\/2025\/07\/SREDNJA-SKOLA-VIKTOROVAC-SISAK-jpg.jpg\" \/>\n\t<meta property=\"og:image:width\" content=\"1921\" \/>\n\t<meta property=\"og:image:height\" content=\"1217\" \/>\n\t<meta property=\"og:image:type\" content=\"image\/jpeg\" \/>\n<meta name=\"author\" content=\"SSV Administrator\" \/>\n<meta name=\"twitter:card\" content=\"summary_large_image\" \/>\n<meta name=\"twitter:label1\" content=\"Napisao\/la\" \/>\n\t<meta name=\"twitter:data1\" content=\"SSV Administrator\" \/>\n\t<meta name=\"twitter:label2\" content=\"Procijenjeno vrijeme \u010ditanja\" \/>\n\t<meta name=\"twitter:data2\" content=\"2 minute\" \/>\n<script type=\"application\/ld+json\" class=\"yoast-schema-graph\">{\"@context\":\"https:\\\/\\\/schema.org\",\"@graph\":[{\"@type\":\"Article\",\"@id\":\"https:\\\/\\\/ss-viktorovac.hr\\\/index.php\\\/2025\\\/08\\\/29\\\/blize-nam-se-upisi-u-1-razrede-pridruzi-nam-se-u-srednjoj-skoli-viktorovac\\\/#article\",\"isPartOf\":{\"@id\":\"https:\\\/\\\/ss-viktorovac.hr\\\/index.php\\\/2025\\\/08\\\/29\\\/blize-nam-se-upisi-u-1-razrede-pridruzi-nam-se-u-srednjoj-skoli-viktorovac\\\/\"},\"author\":{\"name\":\"SSV Administrator\",\"@id\":\"https:\\\/\\\/ss-viktorovac.hr\\\/#\\\/schema\\\/person\\\/084e909111fcbbc9fe04de96fbd53fb6\"},\"headline\":\"Bli\u017ee nam se upisi u 1. razrede! Pridru\u017ei nam se u Srednjoj \u0161koli Viktorovac\",\"datePublished\":\"2025-08-29T07:04:49+00:00\",\"dateModified\":\"2025-08-29T08:53:01+00:00\",\"mainEntityOfPage\":{\"@id\":\"https:\\\/\\\/ss-viktorovac.hr\\\/index.php\\\/2025\\\/08\\\/29\\\/blize-nam-se-upisi-u-1-razrede-pridruzi-nam-se-u-srednjoj-skoli-viktorovac\\\/\"},\"wordCount\":294,\"commentCount\":0,\"image\":{\"@id\":\"https:\\\/\\\/ss-viktorovac.hr\\\/index.php\\\/2025\\\/08\\\/29\\\/blize-nam-se-upisi-u-1-razrede-pridruzi-nam-se-u-srednjoj-skoli-viktorovac\\\/#primaryimage\"},\"thumbnailUrl\":\"https:\\\/\\\/ss-viktorovac.hr\\\/wp-content\\\/uploads\\\/2025\\\/07\\\/SREDNJA-SKOLA-VIKTOROVAC-SISAK-jpg.jpg\",\"articleSection\":[\"NASLOVNICA\"],\"inLanguage\":\"hr\",\"potentialAction\":[{\"@type\":\"CommentAction\",\"name\":\"Comment\",\"target\":[\"https:\\\/\\\/ss-viktorovac.hr\\\/index.php\\\/2025\\\/08\\\/29\\\/blize-nam-se-upisi-u-1-razrede-pridruzi-nam-se-u-srednjoj-skoli-viktorovac\\\/#respond\"]}]},{\"@type\":\"WebPage\",\"@id\":\"https:\\\/\\\/ss-viktorovac.hr\\\/index.php\\\/2025\\\/08\\\/29\\\/blize-nam-se-upisi-u-1-razrede-pridruzi-nam-se-u-srednjoj-skoli-viktorovac\\\/\",\"url\":\"https:\\\/\\\/ss-viktorovac.hr\\\/index.php\\\/2025\\\/08\\\/29\\\/blize-nam-se-upisi-u-1-razrede-pridruzi-nam-se-u-srednjoj-skoli-viktorovac\\\/\",\"name\":\"Bli\u017ee nam se upisi u 1. razrede! Pridru\u017ei nam se u Srednjoj \u0161koli Viktorovac - Srednja \u0161kola Viktorovac\",\"isPartOf\":{\"@id\":\"https:\\\/\\\/ss-viktorovac.hr\\\/#website\"},\"primaryImageOfPage\":{\"@id\":\"https:\\\/\\\/ss-viktorovac.hr\\\/index.php\\\/2025\\\/08\\\/29\\\/blize-nam-se-upisi-u-1-razrede-pridruzi-nam-se-u-srednjoj-skoli-viktorovac\\\/#primaryimage\"},\"image\":{\"@id\":\"https:\\\/\\\/ss-viktorovac.hr\\\/index.php\\\/2025\\\/08\\\/29\\\/blize-nam-se-upisi-u-1-razrede-pridruzi-nam-se-u-srednjoj-skoli-viktorovac\\\/#primaryimage\"},\"thumbnailUrl\":\"https:\\\/\\\/ss-viktorovac.hr\\\/wp-content\\\/uploads\\\/2025\\\/07\\\/SREDNJA-SKOLA-VIKTOROVAC-SISAK-jpg.jpg\",\"datePublished\":\"2025-08-29T07:04:49+00:00\",\"dateModified\":\"2025-08-29T08:53:01+00:00\",\"author\":{\"@id\":\"https:\\\/\\\/ss-viktorovac.hr\\\/#\\\/schema\\\/person\\\/084e909111fcbbc9fe04de96fbd53fb6\"},\"breadcrumb\":{\"@id\":\"https:\\\/\\\/ss-viktorovac.hr\\\/index.php\\\/2025\\\/08\\\/29\\\/blize-nam-se-upisi-u-1-razrede-pridruzi-nam-se-u-srednjoj-skoli-viktorovac\\\/#breadcrumb\"},\"inLanguage\":\"hr\",\"potentialAction\":[{\"@type\":\"ReadAction\",\"target\":[\"https:\\\/\\\/ss-viktorovac.hr\\\/index.php\\\/2025\\\/08\\\/29\\\/blize-nam-se-upisi-u-1-razrede-pridruzi-nam-se-u-srednjoj-skoli-viktorovac\\\/\"]}]},{\"@type\":\"ImageObject\",\"inLanguage\":\"hr\",\"@id\":\"https:\\\/\\\/ss-viktorovac.hr\\\/index.php\\\/2025\\\/08\\\/29\\\/blize-nam-se-upisi-u-1-razrede-pridruzi-nam-se-u-srednjoj-skoli-viktorovac\\\/#primaryimage\",\"url\":\"https:\\\/\\\/ss-viktorovac.hr\\\/wp-content\\\/uploads\\\/2025\\\/07\\\/SREDNJA-SKOLA-VIKTOROVAC-SISAK-jpg.jpg\",\"contentUrl\":\"https:\\\/\\\/ss-viktorovac.hr\\\/wp-content\\\/uploads\\\/2025\\\/07\\\/SREDNJA-SKOLA-VIKTOROVAC-SISAK-jpg.jpg\",\"width\":1921,\"height\":1217},{\"@type\":\"BreadcrumbList\",\"@id\":\"https:\\\/\\\/ss-viktorovac.hr\\\/index.php\\\/2025\\\/08\\\/29\\\/blize-nam-se-upisi-u-1-razrede-pridruzi-nam-se-u-srednjoj-skoli-viktorovac\\\/#breadcrumb\",\"itemListElement\":[{\"@type\":\"ListItem\",\"position\":1,\"name\":\"Po\u010detna stranica\",\"item\":\"https:\\\/\\\/ss-viktorovac.hr\\\/\"},{\"@type\":\"ListItem\",\"position\":2,\"name\":\"Bli\u017ee nam se upisi u 1. razrede! Pridru\u017ei nam se u Srednjoj \u0161koli Viktorovac\"}]},{\"@type\":\"WebSite\",\"@id\":\"https:\\\/\\\/ss-viktorovac.hr\\\/#website\",\"url\":\"https:\\\/\\\/ss-viktorovac.hr\\\/\",\"name\":\"Srednja \u0161kola Viktorovac\",\"description\":\"\",\"potentialAction\":[{\"@type\":\"SearchAction\",\"target\":{\"@type\":\"EntryPoint\",\"urlTemplate\":\"https:\\\/\\\/ss-viktorovac.hr\\\/?s={search_term_string}\"},\"query-input\":{\"@type\":\"PropertyValueSpecification\",\"valueRequired\":true,\"valueName\":\"search_term_string\"}}],\"inLanguage\":\"hr\"},{\"@type\":\"Person\",\"@id\":\"https:\\\/\\\/ss-viktorovac.hr\\\/#\\\/schema\\\/person\\\/084e909111fcbbc9fe04de96fbd53fb6\",\"name\":\"SSV Administrator\",\"image\":{\"@type\":\"ImageObject\",\"inLanguage\":\"hr\",\"@id\":\"https:\\\/\\\/secure.gravatar.com\\\/avatar\\\/200103525899d9c38c7df91c8ffab3c381e87961619351c5a7ad062f43c8c0dc?s=96&d=mm&r=g\",\"url\":\"https:\\\/\\\/secure.gravatar.com\\\/avatar\\\/200103525899d9c38c7df91c8ffab3c381e87961619351c5a7ad062f43c8c0dc?s=96&d=mm&r=g\",\"contentUrl\":\"https:\\\/\\\/secure.gravatar.com\\\/avatar\\\/200103525899d9c38c7df91c8ffab3c381e87961619351c5a7ad062f43c8c0dc?s=96&d=mm&r=g\",\"caption\":\"SSV Administrator\"},\"sameAs\":[\"http:\\\/\\\/ss-viktorovac.hr\"],\"url\":\"https:\\\/\\\/ss-viktorovac.hr\\\/index.php\\\/author\\\/ssv-administrator\\\/\"}]}<\/script>\n<!-- \/ Yoast SEO plugin. -->","yoast_head_json":{"title":"Bli\u017ee nam se upisi u 1. razrede! Pridru\u017ei nam se u Srednjoj \u0161koli Viktorovac - Srednja \u0161kola Viktorovac","robots":{"index":"index","follow":"follow","max-snippet":"max-snippet:-1","max-image-preview":"max-image-preview:large","max-video-preview":"max-video-preview:-1"},"canonical":"https:\/\/ss-viktorovac.hr\/index.php\/2025\/08\/29\/blize-nam-se-upisi-u-1-razrede-pridruzi-nam-se-u-srednjoj-skoli-viktorovac\/","og_locale":"hr_HR","og_type":"article","og_title":"Bli\u017ee nam se upisi u 1. razrede! Pridru\u017ei nam se u Srednjoj \u0161koli Viktorovac - Srednja \u0161kola Viktorovac","og_description":"Dragi u\u010denici i roditelji, vrijeme je za va\u017enu odluku \u2013 izbor srednje \u0161kole! Srednja \u0161kola Viktorovac u Sisku pru\u017ea kvalitetno obrazovanje u suvremenom i poticajnom okru\u017eenju. Na\u0161i obrazovni programi usmjereni su na stjecanje znanja, vje\u0161tina i kompetencija koje su tra\u017eene na tr\u017ei\u0161tu rada, ali i na nastavak \u0161kolovanja. U \u0161kolskoj godini nudimo sljede\u0107e obrazovne programe: [&hellip;]","og_url":"https:\/\/ss-viktorovac.hr\/index.php\/2025\/08\/29\/blize-nam-se-upisi-u-1-razrede-pridruzi-nam-se-u-srednjoj-skoli-viktorovac\/","og_site_name":"Srednja \u0161kola Viktorovac","article_published_time":"2025-08-29T07:04:49+00:00","article_modified_time":"2025-08-29T08:53:01+00:00","og_image":[{"width":1921,"height":1217,"url":"https:\/\/ss-viktorovac.hr\/wp-content\/uploads\/2025\/07\/SREDNJA-SKOLA-VIKTOROVAC-SISAK-jpg.jpg","type":"image\/jpeg"}],"author":"SSV Administrator","twitter_card":"summary_large_image","twitter_misc":{"Napisao\/la":"SSV Administrator","Procijenjeno vrijeme \u010ditanja":"2 minute"},"schema":{"@context":"https:\/\/schema.org","@graph":[{"@type":"Article","@id":"https:\/\/ss-viktorovac.hr\/index.php\/2025\/08\/29\/blize-nam-se-upisi-u-1-razrede-pridruzi-nam-se-u-srednjoj-skoli-viktorovac\/#article","isPartOf":{"@id":"https:\/\/ss-viktorovac.hr\/index.php\/2025\/08\/29\/blize-nam-se-upisi-u-1-razrede-pridruzi-nam-se-u-srednjoj-skoli-viktorovac\/"},"author":{"name":"SSV Administrator","@id":"https:\/\/ss-viktorovac.hr\/#\/schema\/person\/084e909111fcbbc9fe04de96fbd53fb6"},"headline":"Bli\u017ee nam se upisi u 1. razrede! Pridru\u017ei nam se u Srednjoj \u0161koli Viktorovac","datePublished":"2025-08-29T07:04:49+00:00","dateModified":"2025-08-29T08:53:01+00:00","mainEntityOfPage":{"@id":"https:\/\/ss-viktorovac.hr\/index.php\/2025\/08\/29\/blize-nam-se-upisi-u-1-razrede-pridruzi-nam-se-u-srednjoj-skoli-viktorovac\/"},"wordCount":294,"commentCount":0,"image":{"@id":"https:\/\/ss-viktorovac.hr\/index.php\/2025\/08\/29\/blize-nam-se-upisi-u-1-razrede-pridruzi-nam-se-u-srednjoj-skoli-viktorovac\/#primaryimage"},"thumbnailUrl":"https:\/\/ss-viktorovac.hr\/wp-content\/uploads\/2025\/07\/SREDNJA-SKOLA-VIKTOROVAC-SISAK-jpg.jpg","articleSection":["NASLOVNICA"],"inLanguage":"hr","potentialAction":[{"@type":"CommentAction","name":"Comment","target":["https:\/\/ss-viktorovac.hr\/index.php\/2025\/08\/29\/blize-nam-se-upisi-u-1-razrede-pridruzi-nam-se-u-srednjoj-skoli-viktorovac\/#respond"]}]},{"@type":"WebPage","@id":"https:\/\/ss-viktorovac.hr\/index.php\/2025\/08\/29\/blize-nam-se-upisi-u-1-razrede-pridruzi-nam-se-u-srednjoj-skoli-viktorovac\/","url":"https:\/\/ss-viktorovac.hr\/index.php\/2025\/08\/29\/blize-nam-se-upisi-u-1-razrede-pridruzi-nam-se-u-srednjoj-skoli-viktorovac\/","name":"Bli\u017ee nam se upisi u 1. razrede! Pridru\u017ei nam se u Srednjoj \u0161koli Viktorovac - Srednja \u0161kola Viktorovac","isPartOf":{"@id":"https:\/\/ss-viktorovac.hr\/#website"},"primaryImageOfPage":{"@id":"https:\/\/ss-viktorovac.hr\/index.php\/2025\/08\/29\/blize-nam-se-upisi-u-1-razrede-pridruzi-nam-se-u-srednjoj-skoli-viktorovac\/#primaryimage"},"image":{"@id":"https:\/\/ss-viktorovac.hr\/index.php\/2025\/08\/29\/blize-nam-se-upisi-u-1-razrede-pridruzi-nam-se-u-srednjoj-skoli-viktorovac\/#primaryimage"},"thumbnailUrl":"https:\/\/ss-viktorovac.hr\/wp-content\/uploads\/2025\/07\/SREDNJA-SKOLA-VIKTOROVAC-SISAK-jpg.jpg","datePublished":"2025-08-29T07:04:49+00:00","dateModified":"2025-08-29T08:53:01+00:00","author":{"@id":"https:\/\/ss-viktorovac.hr\/#\/schema\/person\/084e909111fcbbc9fe04de96fbd53fb6"},"breadcrumb":{"@id":"https:\/\/ss-viktorovac.hr\/index.php\/2025\/08\/29\/blize-nam-se-upisi-u-1-razrede-pridruzi-nam-se-u-srednjoj-skoli-viktorovac\/#breadcrumb"},"inLanguage":"hr","potentialAction":[{"@type":"ReadAction","target":["https:\/\/ss-viktorovac.hr\/index.php\/2025\/08\/29\/blize-nam-se-upisi-u-1-razrede-pridruzi-nam-se-u-srednjoj-skoli-viktorovac\/"]}]},{"@type":"ImageObject","inLanguage":"hr","@id":"https:\/\/ss-viktorovac.hr\/index.php\/2025\/08\/29\/blize-nam-se-upisi-u-1-razrede-pridruzi-nam-se-u-srednjoj-skoli-viktorovac\/#primaryimage","url":"https:\/\/ss-viktorovac.hr\/wp-content\/uploads\/2025\/07\/SREDNJA-SKOLA-VIKTOROVAC-SISAK-jpg.jpg","contentUrl":"https:\/\/ss-viktorovac.hr\/wp-content\/uploads\/2025\/07\/SREDNJA-SKOLA-VIKTOROVAC-SISAK-jpg.jpg","width":1921,"height":1217},{"@type":"BreadcrumbList","@id":"https:\/\/ss-viktorovac.hr\/index.php\/2025\/08\/29\/blize-nam-se-upisi-u-1-razrede-pridruzi-nam-se-u-srednjoj-skoli-viktorovac\/#breadcrumb","itemListElement":[{"@type":"ListItem","position":1,"name":"Po\u010detna stranica","item":"https:\/\/ss-viktorovac.hr\/"},{"@type":"ListItem","position":2,"name":"Bli\u017ee nam se upisi u 1. razrede! Pridru\u017ei nam se u Srednjoj \u0161koli Viktorovac"}]},{"@type":"WebSite","@id":"https:\/\/ss-viktorovac.hr\/#website","url":"https:\/\/ss-viktorovac.hr\/","name":"Srednja \u0161kola Viktorovac","description":"","potentialAction":[{"@type":"SearchAction","target":{"@type":"EntryPoint","urlTemplate":"https:\/\/ss-viktorovac.hr\/?s={search_term_string}"},"query-input":{"@type":"PropertyValueSpecification","valueRequired":true,"valueName":"search_term_string"}}],"inLanguage":"hr"},{"@type":"Person","@id":"https:\/\/ss-viktorovac.hr\/#\/schema\/person\/084e909111fcbbc9fe04de96fbd53fb6","name":"SSV Administrator","image":{"@type":"ImageObject","inLanguage":"hr","@id":"https:\/\/secure.gravatar.com\/avatar\/200103525899d9c38c7df91c8ffab3c381e87961619351c5a7ad062f43c8c0dc?s=96&d=mm&r=g","url":"https:\/\/secure.gravatar.com\/avatar\/200103525899d9c38c7df91c8ffab3c381e87961619351c5a7ad062f43c8c0dc?s=96&d=mm&r=g","contentUrl":"https:\/\/secure.gravatar.com\/avatar\/200103525899d9c38c7df91c8ffab3c381e87961619351c5a7ad062f43c8c0dc?s=96&d=mm&r=g","caption":"SSV Administrator"},"sameAs":["http:\/\/ss-viktorovac.hr"],"url":"https:\/\/ss-viktorovac.hr\/index.php\/author\/ssv-administrator\/"}]}},"_links":{"self":[{"href":"https:\/\/ss-viktorovac.hr\/index.php\/wp-json\/wp\/v2\/posts\/385","targetHints":{"allow":["GET"]}}],"collection":[{"href":"https:\/\/ss-viktorovac.hr\/index.php\/wp-json\/wp\/v2\/posts"}],"about":[{"href":"https:\/\/ss-viktorovac.hr\/index.php\/wp-json\/wp\/v2\/types\/post"}],"author":[{"embeddable":true,"href":"https:\/\/ss-viktorovac.hr\/index.php\/wp-json\/wp\/v2\/users\/1"}],"replies":[{"embeddable":true,"href":"https:\/\/ss-viktorovac.hr\/index.php\/wp-json\/wp\/v2\/comments?post=385"}],"version-history":[{"count":0,"href":"https:\/\/ss-viktorovac.hr\/index.php\/wp-json\/wp\/v2\/posts\/385\/revisions"}],"wp:featuredmedia":[{"embeddable":true,"href":"https:\/\/ss-viktorovac.hr\/index.php\/wp-json\/wp\/v2\/media\/387"}],"wp:attachment":[{"href":"https:\/\/ss-viktorovac.hr\/index.php\/wp-json\/wp\/v2\/media?parent=385"}],"wp:term":[{"taxonomy":"category","embeddable":true,"href":"https:\/\/ss-viktorovac.hr\/index.php\/wp-json\/wp\/v2\/categories?post=385"},{"taxonomy":"post_tag","embeddable":true,"href":"https:\/\/ss-viktorovac.hr\/index.php\/wp-json\/wp\/v2\/tags?post=385"}],"curies":[{"name":"wp","href":"https:\/\/api.w.org\/{rel}","templated":true}]}}